{"id":37845,"date":"2022-02-09T08:20:37","date_gmt":"2022-02-09T11:20:37","guid":{"rendered":"http:\/\/www.sincomam.org.br\/?p=37845"},"modified":"2022-02-09T01:43:22","modified_gmt":"2022-02-09T04:43:22","slug":"seca-do-rio-parana-derruba-volume-medio-carregado-por-navios-na-argentina","status":"publish","type":"post","link":"https:\/\/www.sincomam.org.br\/index.php\/seca-do-rio-parana-derruba-volume-medio-carregado-por-navios-na-argentina\/","title":{"rendered":"Seca do rio Paran\u00e1 derruba volume m\u00e9dio carregado por navios na Argentina"},"content":{"rendered":"<p>A baixa profundidade do rio Paran\u00e1, que desceu a n\u00edveis hist\u00f3ricos no m\u00eas passado, levou o transporte de gr\u00e3os na Argentina a registrar a menor tonelagem m\u00e9dia por navio para meses de janeiro dos \u00faltimos anos, informou a Bolsa de Ros\u00e1rio.<br \/>\nA falta de chuva na Am\u00e9rica do Sul neste segundo ano consecutivo de La Ni\u00f1a fez com que o rio apresentasse uma altura m\u00e9dia de 85 cent\u00edmetros, a menor m\u00e9dia em 77 anos, segundo a bolsa.<\/p>\n<p>Como consequ\u00eancia da pouca profundidade do rio, a capacidade de carga dos navios na hidrovia foi reduzida. Em janeiro, mais de 160 navios carregados de gr\u00e3os, farinhas e \u00f3leos vegetais passaram pelos portos de Up River, conforme a bolsa. A carga desses navios foi, em m\u00e9dia, de 29,08 mil toneladas, quase 11% abaixo da carga m\u00e9dia de janeiro de 2021.<br \/>\nNos primeiros dias de fevereiro, na altura de Ros\u00e1rio, o rio Paran\u00e1 mostra um n\u00edvel de 63 cent\u00edmetros, longe dos 2,28 metros do in\u00edcio do mesmo m\u00eas do ano passado &#8211; embora para o resto do m\u00eas, todos os cen\u00e1rios mostrem uma melhora da vaz\u00e3o.<\/p>\n<p>Conforme o relat\u00f3rio da bolsa, o melhor cen\u00e1rio projeta encerrar o m\u00eas de fevereiro com 75 cent\u00edmetros e mar\u00e7o com 1,79 metro, quando nos \u00faltimos dez anos as m\u00e9dias de altura para esses meses foram de 3,39 e 3,22 metros respectivamente.<br \/>\n\u201cMesmo que esses cen\u00e1rios de melhoria sejam cumpridos, a carga m\u00e9dia pode cair abaixo de 28 mil toneladas este m\u00eas, de acordo com estimativas preliminares de embarque\u201d, conclui a bolsa.<br \/>\nFonte: Valor<\/p>\n","protected":false},"excerpt":{"rendered":"<p>A baixa profundidade do rio Paran\u00e1, que desceu a n\u00edveis hist\u00f3ricos no m\u00eas passado, levou o transporte de gr\u00e3os na Argentina a registrar a menor&#8230;<\/p>\n","protected":false},"author":1527,"featured_media":37846,"comment_status":"closed","ping_status":"closed","sticky":false,"template":"","format":"standard","meta":{"footnotes":""},"categories":[1],"tags":[],"class_list":["post-37845","post","type-post","status-publish","format-standard","has-post-thumbnail","hentry","category-sem-categoria"],"_links":{"self":[{"href":"https:\/\/www.sincomam.org.br\/index.php\/wp-json\/wp\/v2\/posts\/37845","targetHints":{"allow":["GET"]}}],"collection":[{"href":"https:\/\/www.sincomam.org.br\/index.php\/wp-json\/wp\/v2\/posts"}],"about":[{"href":"https:\/\/www.sincomam.org.br\/index.php\/wp-json\/wp\/v2\/types\/post"}],"author":[{"embeddable":true,"href":"https:\/\/www.sincomam.org.br\/index.php\/wp-json\/wp\/v2\/users\/1527"}],"replies":[{"embeddable":true,"href":"https:\/\/www.sincomam.org.br\/index.php\/wp-json\/wp\/v2\/comments?post=37845"}],"version-history":[{"count":1,"href":"https:\/\/www.sincomam.org.br\/index.php\/wp-json\/wp\/v2\/posts\/37845\/revisions"}],"predecessor-version":[{"id":37847,"href":"https:\/\/www.sincomam.org.br\/index.php\/wp-json\/wp\/v2\/posts\/37845\/revisions\/37847"}],"wp:featuredmedia":[{"embeddable":true,"href":"https:\/\/www.sincomam.org.br\/index.php\/wp-json\/wp\/v2\/media\/37846"}],"wp:attachment":[{"href":"https:\/\/www.sincomam.org.br\/index.php\/wp-json\/wp\/v2\/media?parent=37845"}],"wp:term":[{"taxonomy":"category","embeddable":true,"href":"https:\/\/www.sincomam.org.br\/index.php\/wp-json\/wp\/v2\/categories?post=37845"},{"taxonomy":"post_tag","embeddable":true,"href":"https:\/\/www.sincomam.org.br\/index.php\/wp-json\/wp\/v2\/tags?post=37845"}],"curies":[{"name":"wp","href":"https:\/\/api.w.org\/{rel}","templated":true}]}}