{"id":37842,"date":"2022-02-09T08:39:46","date_gmt":"2022-02-09T11:39:46","guid":{"rendered":"http:\/\/www.sincomam.org.br\/?p=37842"},"modified":"2022-02-09T01:41:20","modified_gmt":"2022-02-09T04:41:20","slug":"comitiva-da-policia-federal-realiza-visita-tecnica-ao-compaaz","status":"publish","type":"post","link":"https:\/\/www.sincomam.org.br\/index.php\/comitiva-da-policia-federal-realiza-visita-tecnica-ao-compaaz\/","title":{"rendered":"Comitiva da Pol\u00edcia Federal realiza visita t\u00e9cnica ao COMPAAz"},"content":{"rendered":"<p>O Comando de Opera\u00e7\u00f5es Mar\u00edtimas e Prote\u00e7\u00e3o da Amaz\u00f4nia Azul (COMPAAz) recebeu a comitiva da Pol\u00edcia Federal (PF), com objetivo de apresentar as especificidades de opera\u00e7\u00e3o dos meios navais e apoios, visando \u00e0 elabora\u00e7\u00e3o de um Protocolo de Execu\u00e7\u00e3o entre o Comando de Opera\u00e7\u00f5es Navais (ComOpNav) e a PF, com vista ao treinamento e apoio log\u00edstico a opera\u00e7\u00f5es interag\u00eancias.<\/p>\n<p>A comitiva, composta pelo Diretor de Investiga\u00e7\u00e3o e Combate ao Crime Organizado e \u00e0 Corrup\u00e7\u00e3o, Delegado de Pol\u00edcia Federal Luis Flavio Zampronha de Oliveira, acompanhado do Coordenador-Geral de Repress\u00e3o a Crimes contra o Meio Ambiente e Direitos Humanos, Delegado de Pol\u00edcia Federal Daniel Daher, do Chefe da Divis\u00e3o de Apoio e Supervis\u00e3o a Opera\u00e7\u00f5es, Delegado de Pol\u00edcia Federal Caio Porto Ferreira e do Respons\u00e1vel pela Log\u00edstica da Divis\u00e3o de Apoio e Supervis\u00e3o a Opera\u00e7\u00f5es, Delegado de Pol\u00edcia Federal Celso Mochi, foi recebida pelo Comandante do COMPAAz, Contra-Almirante Gustavo Calero Garriga Pires, e pelo Comandante do Centro de Opera\u00e7\u00f5es Mar\u00edtimas (COpMar), Capit\u00e3o de Mar e Guerra Jo\u00e3o Batista Barbosa.<\/p>\n<p>Inicialmente, o COpMar realizou a apresenta\u00e7\u00e3o institucional do COMPAAz, a fim de atualizar os representantes da PF sobre a nova estrutura de Comando e Controle no \u00e2mbito do ComOpNav. Em seguida, o Almirante Garriga real\u00e7ou o emprego da Marinha (MB) no cumprimento de suas tarefas subsidi\u00e1rias e os significativos resultados alcan\u00e7ados nos \u00faltimos anos em prol do Estado brasileiro, refor\u00e7ando a disponibilidade da MB de atuar no mar e em \u00e1guas interiores, em conjunto com a PF, na repress\u00e3o da pesca ilegal, n\u00e3o declarada e n\u00e3o regulamentada, bem como de crimes relacionados ao Meio Ambiente e aos Direitos Humanos.<\/p>\n<p>Durante o encontro, os delegados visitaram o Centro de Controle do Tr\u00e1fego Mar\u00edtimo, onde conheceram os principais sistemas de monitoramento utilizados pelo Centro Integrado, em especial, o Sistema de Informa\u00e7\u00f5es sobre o Tr\u00e1fego Mar\u00edtimo. Na ocasi\u00e3o, a comitiva tamb\u00e9m foi recebida pelo Comandante de Opera\u00e7\u00f5es Navais, Almirante de Esquadra Marcos Sampaio Olsen, e pelo Chefe do Estado-Maior do ComOpNav, o Contra-Almirante Alexander Reis Leite.<\/p>\n<p>Fonte: Centro de Comunica\u00e7\u00e3o Social da Marinha<\/p>\n","protected":false},"excerpt":{"rendered":"<p>O Comando de Opera\u00e7\u00f5es Mar\u00edtimas e Prote\u00e7\u00e3o da Amaz\u00f4nia Azul (COMPAAz) recebeu a comitiva da Pol\u00edcia Federal (PF), com objetivo de apresentar as especificidades de&#8230;<\/p>\n","protected":false},"author":1527,"featured_media":37843,"comment_status":"closed","ping_status":"closed","sticky":false,"template":"","format":"standard","meta":{"footnotes":""},"categories":[6],"tags":[],"class_list":["post-37842","post","type-post","status-publish","format-standard","has-post-thumbnail","hentry","category-noticias"],"_links":{"self":[{"href":"https:\/\/www.sincomam.org.br\/index.php\/wp-json\/wp\/v2\/posts\/37842","targetHints":{"allow":["GET"]}}],"collection":[{"href":"https:\/\/www.sincomam.org.br\/index.php\/wp-json\/wp\/v2\/posts"}],"about":[{"href":"https:\/\/www.sincomam.org.br\/index.php\/wp-json\/wp\/v2\/types\/post"}],"author":[{"embeddable":true,"href":"https:\/\/www.sincomam.org.br\/index.php\/wp-json\/wp\/v2\/users\/1527"}],"replies":[{"embeddable":true,"href":"https:\/\/www.sincomam.org.br\/index.php\/wp-json\/wp\/v2\/comments?post=37842"}],"version-history":[{"count":1,"href":"https:\/\/www.sincomam.org.br\/index.php\/wp-json\/wp\/v2\/posts\/37842\/revisions"}],"predecessor-version":[{"id":37844,"href":"https:\/\/www.sincomam.org.br\/index.php\/wp-json\/wp\/v2\/posts\/37842\/revisions\/37844"}],"wp:featuredmedia":[{"embeddable":true,"href":"https:\/\/www.sincomam.org.br\/index.php\/wp-json\/wp\/v2\/media\/37843"}],"wp:attachment":[{"href":"https:\/\/www.sincomam.org.br\/index.php\/wp-json\/wp\/v2\/media?parent=37842"}],"wp:term":[{"taxonomy":"category","embeddable":true,"href":"https:\/\/www.sincomam.org.br\/index.php\/wp-json\/wp\/v2\/categories?post=37842"},{"taxonomy":"post_tag","embeddable":true,"href":"https:\/\/www.sincomam.org.br\/index.php\/wp-json\/wp\/v2\/tags?post=37842"}],"curies":[{"name":"wp","href":"https:\/\/api.w.org\/{rel}","templated":true}]}}