{"id":37838,"date":"2022-02-09T08:23:21","date_gmt":"2022-02-09T11:23:21","guid":{"rendered":"http:\/\/www.sincomam.org.br\/?p=37838"},"modified":"2022-02-09T01:31:08","modified_gmt":"2022-02-09T04:31:08","slug":"marinha-apoia-expedicao-mundial-voz-dos-oceanos-no-delta-do-parnaiba-pi","status":"publish","type":"post","link":"https:\/\/www.sincomam.org.br\/index.php\/marinha-apoia-expedicao-mundial-voz-dos-oceanos-no-delta-do-parnaiba-pi\/","title":{"rendered":"Marinha apoia Expedi\u00e7\u00e3o Mundial \u201cVoz dos Oceanos\u201d no Delta do Parna\u00edba"},"content":{"rendered":"<p>A Capitania dos Portos do Piau\u00ed (CPPI) prestou apoio \u00e0 Fam\u00edlia Schurmann, que est\u00e1 realizando, desde agosto de 2021, a Expedi\u00e7\u00e3o Mundial \u201cVoz dos Oceanos\u201d. A pedido da Superintend\u00eancia de Turismo da cidade Parna\u00edba, a Marinha auxiliou a entrada do veleiro na \u00e1rea do Delta do Parna\u00edba para que n\u00e3o sofresse nenhuma avaria devido aos bancos de areias e pedras na foz do Rio Igara\u00e7u, um dos bra\u00e7os do Rio Parna\u00edba.<\/p>\n<p>A Expedi\u00e7\u00e3o teve in\u00edcio na cidade de Balne\u00e1rio Cambori\u00fa (SC) e passar\u00e1 por cerca de 65 pontos no Brasil e no mundo, at\u00e9 desembarcar na Nova Zel\u00e2ndia, no segundo semestre de 2023.<\/p>\n<p>O Comandante Vilfredo Schurmann expressou sua satisfa\u00e7\u00e3o em ter o Piau\u00ed na rota. \u201cEste momento \u00e9 uma oportunidade de ampliar nosso roteiro nacional, valorizando ainda mais o Nordeste e incluindo o Norte em nossa jornada e contemplar praticamente toda a costa litor\u00e2nea do Brasil. Estamos muito felizes por conseguir passar pelo Piau\u00ed. Agradecemos \u00e0 Marinha por nos apoiar na bel\u00edssima \u00e1rea do Delta do Parna\u00edba\u201d, disse.<\/p>\n<p>Fonte: Centro de Comunica\u00e7\u00e3o Social da Marinha<\/p>\n","protected":false},"excerpt":{"rendered":"<p>A Capitania dos Portos do Piau\u00ed (CPPI) prestou apoio \u00e0 Fam\u00edlia Schurmann, que est\u00e1 realizando, desde agosto de 2021, a Expedi\u00e7\u00e3o Mundial \u201cVoz dos Oceanos\u201d&#8230;.<\/p>\n","protected":false},"author":1527,"featured_media":37839,"comment_status":"closed","ping_status":"closed","sticky":false,"template":"","format":"standard","meta":{"footnotes":""},"categories":[6],"tags":[],"class_list":["post-37838","post","type-post","status-publish","format-standard","has-post-thumbnail","hentry","category-noticias"],"_links":{"self":[{"href":"https:\/\/www.sincomam.org.br\/index.php\/wp-json\/wp\/v2\/posts\/37838","targetHints":{"allow":["GET"]}}],"collection":[{"href":"https:\/\/www.sincomam.org.br\/index.php\/wp-json\/wp\/v2\/posts"}],"about":[{"href":"https:\/\/www.sincomam.org.br\/index.php\/wp-json\/wp\/v2\/types\/post"}],"author":[{"embeddable":true,"href":"https:\/\/www.sincomam.org.br\/index.php\/wp-json\/wp\/v2\/users\/1527"}],"replies":[{"embeddable":true,"href":"https:\/\/www.sincomam.org.br\/index.php\/wp-json\/wp\/v2\/comments?post=37838"}],"version-history":[{"count":2,"href":"https:\/\/www.sincomam.org.br\/index.php\/wp-json\/wp\/v2\/posts\/37838\/revisions"}],"predecessor-version":[{"id":37841,"href":"https:\/\/www.sincomam.org.br\/index.php\/wp-json\/wp\/v2\/posts\/37838\/revisions\/37841"}],"wp:featuredmedia":[{"embeddable":true,"href":"https:\/\/www.sincomam.org.br\/index.php\/wp-json\/wp\/v2\/media\/37839"}],"wp:attachment":[{"href":"https:\/\/www.sincomam.org.br\/index.php\/wp-json\/wp\/v2\/media?parent=37838"}],"wp:term":[{"taxonomy":"category","embeddable":true,"href":"https:\/\/www.sincomam.org.br\/index.php\/wp-json\/wp\/v2\/categories?post=37838"},{"taxonomy":"post_tag","embeddable":true,"href":"https:\/\/www.sincomam.org.br\/index.php\/wp-json\/wp\/v2\/tags?post=37838"}],"curies":[{"name":"wp","href":"https:\/\/api.w.org\/{rel}","templated":true}]}}