{"id":37834,"date":"2022-02-09T08:20:19","date_gmt":"2022-02-09T11:20:19","guid":{"rendered":"http:\/\/www.sincomam.org.br\/?p=37834"},"modified":"2022-02-09T01:22:03","modified_gmt":"2022-02-09T04:22:03","slug":"coalizao-portuaria-consegue-apoio-de-bolsonaro-para-derrubada-de-veto-ao-reporto","status":"publish","type":"post","link":"https:\/\/www.sincomam.org.br\/index.php\/coalizao-portuaria-consegue-apoio-de-bolsonaro-para-derrubada-de-veto-ao-reporto\/","title":{"rendered":"COALIZ\u00c3O PORTU\u00c1RIA CONSEGUE APOIO DE BOLSONARO PARA DERRUBADA DE VETO AO REPORTO"},"content":{"rendered":"<p>A Coaliz\u00e3o Empresarial Portu\u00e1ria conseguiu, na segunda-feira (07), o apoio do presidente da Rep\u00fablica, Jair Bolsonaro, para a prorroga\u00e7\u00e3o do Reporto (Regime Tribut\u00e1rio para Incentivo \u00e0 Moderniza\u00e7\u00e3o e \u00e0 Amplia\u00e7\u00e3o da Estrutura Portu\u00e1ria). O benef\u00edcio foi vetado pelo pr\u00f3prio presidente na san\u00e7\u00e3o da BR do Mar. As seis entidades representativas do setor portu\u00e1rios e as duas do setor ferrovi\u00e1rio seguem as tratativas no Congresso Nacional para a derrubada do veto que tem vota\u00e7\u00e3o prevista para o dia 8 de mar\u00e7o.<\/p>\n<p>A audi\u00eancia realizada no Pal\u00e1cio do Planalto contou com a presen\u00e7a do ministro da Infraestrutura, Tarc\u00edsio de Freitas e do almirante Fl\u00e1vio Augusto Viana Rocha, secret\u00e1rio de Assuntos Estrat\u00e9gicos do Pal\u00e1cio do Planalto, al\u00e9m do presidente da ATP (Associa\u00e7\u00e3o dos Terminais Portu\u00e1rio Privados), Murillo Barbosa, do presidente da Associa\u00e7\u00e3o Brasileira dos Terminais Portu\u00e1rios (ABTP), Jesualdo Silva, de Sergio Aquino, presidente da Federa\u00e7\u00e3o Nacional dos Operadores (Fenop), de Fernando Paes, Diretor-Executivo da Associa\u00e7\u00e3o Nacional dos Transportadores Ferrovi\u00e1rios \u2014 ANTF e do presidente da ABIFER (Associa\u00e7\u00e3o Brasileira da Ind\u00fastria Ferrovi\u00e1ria), Vicente Abate.<\/p>\n<p>Segundo o presidente da ATP, Murillo Barbosa, o presidente Bolsonaro explicou que o veto \u00e0 prorroga\u00e7\u00e3o do incentivo se deu apenas por uma imposi\u00e7\u00e3o legal, com a alega\u00e7\u00e3o de uma poss\u00edvel infra\u00e7\u00e3o da Lei de Responsabilidade Fiscal e garantiu que n\u00e3o far\u00e1 qualquer oposi\u00e7\u00e3o dentro do Governo para a manuten\u00e7\u00e3o do veto.<\/p>\n<p>\u201cO presidente Bolsonaro entendeu que o Reporto \u00e9 importante para o desenvolvimento do pa\u00eds. O incentivo \u00e9 positivo n\u00e3o apenas para os setores portu\u00e1rio e ferrovi\u00e1rio, mas tamb\u00e9m para toda a ind\u00fastria nacional que produz equipamentos para setor de log\u00edstica e infraestrutura. Todos saem ganhando com a prorroga\u00e7\u00e3o do Reporto\u201d, defende.<\/p>\n<p>Barbosa destaca que a Coaliz\u00e3o segue as tratativas com parlamentares para a derrubada do veto e que o apoio e compreens\u00e3o do presidente s\u00e3o positivos para a confirma\u00e7\u00e3o da prorroga\u00e7\u00e3o do Reporto at\u00e9 31 de dezembro de 2023.<\/p>\n<p>O benef\u00edcio garante isen\u00e7\u00e3o de IPI e PIS\/Cofins para a compra de m\u00e1quinas e equipamentos, como trens e port\u00eaineres, al\u00e9m de suspens\u00e3o da cobran\u00e7a de Imposto de Importa\u00e7\u00e3o sobre itens que n\u00e3o tenham similares nacionais. A desonera\u00e7\u00e3o tamb\u00e9m poderia atingir o ICMS dos Estados.<\/p>\n<p>A coaliz\u00e3o portu\u00e1ria \u00e9 composta pela Associa\u00e7\u00e3o Brasileira dos Terminais de Cont\u00eaineres (Abratec), Associa\u00e7\u00e3o Brasileira de Terminais de L\u00edquidos (ABTL), Associa\u00e7\u00e3o Brasileira dos Terminais Portu\u00e1rios (ABTP), Associa\u00e7\u00e3o Brasileira de Terminais e Recintos Alfandegados (ABTRA), Associa\u00e7\u00e3o de Terminais Portu\u00e1rios Privados (ATP) e Federa\u00e7\u00e3o Nacional das Opera\u00e7\u00f5es Portu\u00e1rias (Fenop).<\/p>\n<p>Fonte: Informativo dos Portos<\/p>\n","protected":false},"excerpt":{"rendered":"<p>A Coaliz\u00e3o Empresarial Portu\u00e1ria conseguiu, na segunda-feira (07), o apoio do presidente da Rep\u00fablica, Jair Bolsonaro, para a prorroga\u00e7\u00e3o do Reporto (Regime Tribut\u00e1rio para Incentivo&#8230;<\/p>\n","protected":false},"author":1527,"featured_media":37835,"comment_status":"closed","ping_status":"closed","sticky":false,"template":"","format":"standard","meta":{"footnotes":""},"categories":[6],"tags":[],"class_list":["post-37834","post","type-post","status-publish","format-standard","has-post-thumbnail","hentry","category-noticias"],"_links":{"self":[{"href":"https:\/\/www.sincomam.org.br\/index.php\/wp-json\/wp\/v2\/posts\/37834","targetHints":{"allow":["GET"]}}],"collection":[{"href":"https:\/\/www.sincomam.org.br\/index.php\/wp-json\/wp\/v2\/posts"}],"about":[{"href":"https:\/\/www.sincomam.org.br\/index.php\/wp-json\/wp\/v2\/types\/post"}],"author":[{"embeddable":true,"href":"https:\/\/www.sincomam.org.br\/index.php\/wp-json\/wp\/v2\/users\/1527"}],"replies":[{"embeddable":true,"href":"https:\/\/www.sincomam.org.br\/index.php\/wp-json\/wp\/v2\/comments?post=37834"}],"version-history":[{"count":1,"href":"https:\/\/www.sincomam.org.br\/index.php\/wp-json\/wp\/v2\/posts\/37834\/revisions"}],"predecessor-version":[{"id":37836,"href":"https:\/\/www.sincomam.org.br\/index.php\/wp-json\/wp\/v2\/posts\/37834\/revisions\/37836"}],"wp:featuredmedia":[{"embeddable":true,"href":"https:\/\/www.sincomam.org.br\/index.php\/wp-json\/wp\/v2\/media\/37835"}],"wp:attachment":[{"href":"https:\/\/www.sincomam.org.br\/index.php\/wp-json\/wp\/v2\/media?parent=37834"}],"wp:term":[{"taxonomy":"category","embeddable":true,"href":"https:\/\/www.sincomam.org.br\/index.php\/wp-json\/wp\/v2\/categories?post=37834"},{"taxonomy":"post_tag","embeddable":true,"href":"https:\/\/www.sincomam.org.br\/index.php\/wp-json\/wp\/v2\/tags?post=37834"}],"curies":[{"name":"wp","href":"https:\/\/api.w.org\/{rel}","templated":true}]}}