{"id":37826,"date":"2022-02-09T08:36:34","date_gmt":"2022-02-09T11:36:34","guid":{"rendered":"http:\/\/www.sincomam.org.br\/?p=37826"},"modified":"2022-02-09T01:22:44","modified_gmt":"2022-02-09T04:22:44","slug":"abono-salarial-nao-retirado-em-2019-vai-poder-ser-sacado-em-marco","status":"publish","type":"post","link":"https:\/\/www.sincomam.org.br\/index.php\/abono-salarial-nao-retirado-em-2019-vai-poder-ser-sacado-em-marco\/","title":{"rendered":"Abono salarial n\u00e3o retirado em 2019 vai poder ser sacado em mar\u00e7o"},"content":{"rendered":"<p>O abono salarial PIS\/Pasep \u00e9 destinado a trabalhadores com carteira assinada e a servidores p\u00fablicos. Muitas pessoas ficam torcendo para chegar a data do saque, mas outros, por algum motivo, \u2018esquecem\u2019 de sacarem o dinheiro.<\/p>\n<p>Foi o que aconteceu no ano de 2019, muitos trabalhadores deixaram de retirar o PIS\/Pasep, no entanto, v\u00e3o ter uma nova chance, segundo o Minist\u00e9rio do Trabalho e da Previd\u00eancia, o valor poder\u00e1 ser sacado a partir do dia 31 de mar\u00e7o de 2022.<\/p>\n<p>Cerca de 320 mil mil pessoas est\u00e3o aptas a receber o abono, totalizando R4 208,5 milh\u00f5es que j\u00e1 est\u00e3o dispon\u00edveis para ser sacados. Antes a data de retirada do valor seria no dia 8 de fevereiro, entretanto, o Minist\u00e9rio mudou a data, informando que os trabalhadores que n\u00e3o retiraram o dinheiro do abono salarial em 2019, deveriam esperar o calend\u00e1rio de pagamento de 2022 terminar. Por isso, foi estabelecida a data de 31 de mar\u00e7o para que essas pessoas recebam os valores que estar\u00e3o dispon\u00edveis.<\/p>\n<p><strong>Quem tem direito de receber o abono salarial?<\/strong><br \/>\nLembrando que somente as pessoas que n\u00e3o realizaram o saque em 2019 poder\u00e3o retirar o dinheiro a partir de 31 de mar\u00e7o. <\/p>\n<p>O saque ser\u00e1 permitido para quem trabalhou por pelo menos 30 dias em 2019<\/p>\n<p>recebeu no m\u00e1ximo dois sal\u00e1rios m\u00ednimos em 2019<\/p>\n<p>sendo necess\u00e1rio estar inscrito no PIS\/Pasep h\u00e1 pelo menos cinco anos<\/p>\n<p>ter os dados informados pela empresa a RAIS (Rela\u00e7\u00e3o Anual de Informa\u00e7\u00f5es Sociais).<\/p>\n<p>O trabalhador recebe o valor do PIS\/Pasep de acordo com o n\u00famero de meses trabalhados. Por exemplo, quem trabalhou 30 dias em 2019, vai receber R$ 101,00 e quem trabalhou durante o ano inteiro com carteira assinada, receber\u00e1 R$ 1.212,00.<\/p>\n<p><strong>Veja a tabela de meses trabalhados e valores<\/strong><\/p>\n<p>1 m\u00eas trabalhado \u2013 R$ 101<br \/>\n2 meses trabalhados \u2013 R$ 202<br \/>\n3 meses trabalhados \u2013 R$ 303<br \/>\n4 meses trabalhados \u2013 R$ 404<br \/>\n5 meses trabalhados \u2013 R$ 505<br \/>\n6 meses trabalhados \u2013 R$ 606<br \/>\n7 meses trabalhados \u2013 R$ 707<br \/>\n8 meses trabalhados \u2013 R$ 808<br \/>\n9 meses trabalhados \u2013 R$ 909<br \/>\n10 meses trabalhados \u2013 R$ 1010<br \/>\n11 meses trabalhados \u2013 R$ 1.111<br \/>\n12 meses trabalhados \u2013 R$ 1.212<\/p>\n<p>A Caixa Econ\u00f4mica Federal divulgou que os benefici\u00e1rios sem conta-corrente ou poupan\u00e7a no banco ter\u00e3o o valor automaticamente depositado em Poupan\u00e7a Social Digital aberta pela institui\u00e7\u00e3o e que pode ser movimentada pelo aplicativo Caixa Tem.<\/p>\n<p>Fonte: Jornal Contabil<\/p>\n","protected":false},"excerpt":{"rendered":"<p>O abono salarial PIS\/Pasep \u00e9 destinado a trabalhadores com carteira assinada e a servidores p\u00fablicos. Muitas pessoas ficam torcendo para chegar a data do saque,&#8230;<\/p>\n","protected":false},"author":1527,"featured_media":37767,"comment_status":"closed","ping_status":"closed","sticky":false,"template":"","format":"standard","meta":{"footnotes":""},"categories":[6],"tags":[],"class_list":["post-37826","post","type-post","status-publish","format-standard","has-post-thumbnail","hentry","category-noticias"],"_links":{"self":[{"href":"https:\/\/www.sincomam.org.br\/index.php\/wp-json\/wp\/v2\/posts\/37826","targetHints":{"allow":["GET"]}}],"collection":[{"href":"https:\/\/www.sincomam.org.br\/index.php\/wp-json\/wp\/v2\/posts"}],"about":[{"href":"https:\/\/www.sincomam.org.br\/index.php\/wp-json\/wp\/v2\/types\/post"}],"author":[{"embeddable":true,"href":"https:\/\/www.sincomam.org.br\/index.php\/wp-json\/wp\/v2\/users\/1527"}],"replies":[{"embeddable":true,"href":"https:\/\/www.sincomam.org.br\/index.php\/wp-json\/wp\/v2\/comments?post=37826"}],"version-history":[{"count":2,"href":"https:\/\/www.sincomam.org.br\/index.php\/wp-json\/wp\/v2\/posts\/37826\/revisions"}],"predecessor-version":[{"id":37837,"href":"https:\/\/www.sincomam.org.br\/index.php\/wp-json\/wp\/v2\/posts\/37826\/revisions\/37837"}],"wp:featuredmedia":[{"embeddable":true,"href":"https:\/\/www.sincomam.org.br\/index.php\/wp-json\/wp\/v2\/media\/37767"}],"wp:attachment":[{"href":"https:\/\/www.sincomam.org.br\/index.php\/wp-json\/wp\/v2\/media?parent=37826"}],"wp:term":[{"taxonomy":"category","embeddable":true,"href":"https:\/\/www.sincomam.org.br\/index.php\/wp-json\/wp\/v2\/categories?post=37826"},{"taxonomy":"post_tag","embeddable":true,"href":"https:\/\/www.sincomam.org.br\/index.php\/wp-json\/wp\/v2\/tags?post=37826"}],"curies":[{"name":"wp","href":"https:\/\/api.w.org\/{rel}","templated":true}]}}