{"id":3782,"date":"2014-02-24T08:14:57","date_gmt":"2014-02-24T11:14:57","guid":{"rendered":"http:\/\/www.sincomam.org.br\/?p=3782"},"modified":"2014-02-24T00:09:08","modified_gmt":"2014-02-24T03:09:08","slug":"porto-de-belem-comeca-a-exportar-carne-congelad","status":"publish","type":"post","link":"https:\/\/www.sincomam.org.br\/index.php\/porto-de-belem-comeca-a-exportar-carne-congelad\/","title":{"rendered":"Porto de Bel\u00e9m come\u00e7a a exportar carne congelada"},"content":{"rendered":"<p>O porto de Bel\u00e9m vai come\u00e7ar a exportar carne congelada para o mercado internacional a partir do pr\u00f3ximo dia 24 de fevereiro, segundo previs\u00e3o da Unidade de Vigil\u00e2ncia Agropecu\u00e1ria do Minist\u00e9rio da Agricultura.<\/p>\n<p>A primeira carga a ser exportada foi embarcada, em Bel\u00e9m, na \u00faltima ter\u00e7a-feira, com cerca de 26 toneladas de carne. Na ocasi\u00e3o, os fiscais federais realizaram a inspe\u00e7\u00e3o do produto na c\u00e2mara frigor\u00edfica rec\u00e9m-criada pela Companhia Docas do Par\u00e1 (CDP), para adequar o porto paraense \u00e0s normas internacionais de alguns pa\u00edses.<\/p>\n<p>Com origem do munic\u00edpio de Xinguara, no sul do Estado, a carga seguir\u00e1 para S\u00e3o Petersburgo, na R\u00fassia.<\/p>\n<p>At\u00e9 ent\u00e3o a exporta\u00e7\u00e3o de carne congelada era realizada apenas pelo Porto de Vila do Conde, no munic\u00edpio de Barcarena, que atualmente exporta de 25 a 30 cont\u00eaineres por m\u00eas.<\/p>\n<p>Fonte: Valor \/ Foto: Esta\u00e7\u00e3o das Docas &#8211; Porto de Bel\u00e9m<\/p>\n","protected":false},"excerpt":{"rendered":"<p>O porto de Bel\u00e9m vai come\u00e7ar a exportar carne congelada para o mercado internacional a partir do pr\u00f3ximo dia 24 de fevereiro, segundo previs\u00e3o da&#8230;<\/p>\n","protected":false},"author":1182,"featured_media":3783,"comment_status":"closed","ping_status":"closed","sticky":false,"template":"","format":"standard","meta":{"footnotes":""},"categories":[6],"tags":[550,551,552,151,80],"class_list":["post-3782","post","type-post","status-publish","format-standard","has-post-thumbnail","hentry","category-noticias","tag-belem","tag-carne","tag-congelada","tag-exportacao","tag-porto"],"_links":{"self":[{"href":"https:\/\/www.sincomam.org.br\/index.php\/wp-json\/wp\/v2\/posts\/3782","targetHints":{"allow":["GET"]}}],"collection":[{"href":"https:\/\/www.sincomam.org.br\/index.php\/wp-json\/wp\/v2\/posts"}],"about":[{"href":"https:\/\/www.sincomam.org.br\/index.php\/wp-json\/wp\/v2\/types\/post"}],"author":[{"embeddable":true,"href":"https:\/\/www.sincomam.org.br\/index.php\/wp-json\/wp\/v2\/users\/1182"}],"replies":[{"embeddable":true,"href":"https:\/\/www.sincomam.org.br\/index.php\/wp-json\/wp\/v2\/comments?post=3782"}],"version-history":[{"count":2,"href":"https:\/\/www.sincomam.org.br\/index.php\/wp-json\/wp\/v2\/posts\/3782\/revisions"}],"predecessor-version":[{"id":3793,"href":"https:\/\/www.sincomam.org.br\/index.php\/wp-json\/wp\/v2\/posts\/3782\/revisions\/3793"}],"wp:featuredmedia":[{"embeddable":true,"href":"https:\/\/www.sincomam.org.br\/index.php\/wp-json\/wp\/v2\/media\/3783"}],"wp:attachment":[{"href":"https:\/\/www.sincomam.org.br\/index.php\/wp-json\/wp\/v2\/media?parent=3782"}],"wp:term":[{"taxonomy":"category","embeddable":true,"href":"https:\/\/www.sincomam.org.br\/index.php\/wp-json\/wp\/v2\/categories?post=3782"},{"taxonomy":"post_tag","embeddable":true,"href":"https:\/\/www.sincomam.org.br\/index.php\/wp-json\/wp\/v2\/tags?post=3782"}],"curies":[{"name":"wp","href":"https:\/\/api.w.org\/{rel}","templated":true}]}}