{"id":37818,"date":"2022-02-08T08:31:46","date_gmt":"2022-02-08T11:31:46","guid":{"rendered":"http:\/\/www.sincomam.org.br\/?p=37818"},"modified":"2022-02-08T00:33:06","modified_gmt":"2022-02-08T03:33:06","slug":"rio-de-janeiro-recebe-o-velas-latinoamerica-2022","status":"publish","type":"post","link":"https:\/\/www.sincomam.org.br\/index.php\/rio-de-janeiro-recebe-o-velas-latinoamerica-2022\/","title":{"rendered":"Rio de Janeiro recebe o Velas Latinoam\u00e9rica 2022"},"content":{"rendered":"<p>No pr\u00f3ximo domingo (13), o Rio de Janeiro receber\u00e1 o evento Velas Latinoam\u00e9rica, uma reuni\u00e3o de grandes veleiros das marinhas amigas que navegam pela Am\u00e9rica Latina com o objetivo de fortalecer os la\u00e7os de amizade entre as institui\u00e7\u00f5es, al\u00e9m de divulgar a cultura de cada um dos pa\u00edses participantes durante a estadia nos portos.<\/p>\n<p>A organiza\u00e7\u00e3o do evento este ano estar\u00e1 a cargo da Marinha do Brasil e tem um especial significado, pois coincide com os 200 anos da Independ\u00eancia do pa\u00eds. A programa\u00e7\u00e3o do evento est\u00e1 prevista para o per\u00edodo de 13 a 20 de fevereiro.<\/p>\n<p>O Velas Latinoamerica ocorre a cada quatro anos, desde 2010. A organiza\u00e7\u00e3o do evento \u00e9 rotativa entre os pa\u00edses participantes. Na atual edi\u00e7\u00e3o, a estadia no porto do Rio de Janeiro dar\u00e1 in\u00edcio ao evento.<\/p>\n<p>Fonte: Portos e Navios<\/p>\n","protected":false},"excerpt":{"rendered":"<p>No pr\u00f3ximo domingo (13), o Rio de Janeiro receber\u00e1 o evento Velas Latinoam\u00e9rica, uma reuni\u00e3o de grandes veleiros das marinhas amigas que navegam pela Am\u00e9rica&#8230;<\/p>\n","protected":false},"author":1527,"featured_media":37821,"comment_status":"closed","ping_status":"closed","sticky":false,"template":"","format":"standard","meta":{"footnotes":""},"categories":[6],"tags":[],"class_list":["post-37818","post","type-post","status-publish","format-standard","has-post-thumbnail","hentry","category-noticias"],"_links":{"self":[{"href":"https:\/\/www.sincomam.org.br\/index.php\/wp-json\/wp\/v2\/posts\/37818","targetHints":{"allow":["GET"]}}],"collection":[{"href":"https:\/\/www.sincomam.org.br\/index.php\/wp-json\/wp\/v2\/posts"}],"about":[{"href":"https:\/\/www.sincomam.org.br\/index.php\/wp-json\/wp\/v2\/types\/post"}],"author":[{"embeddable":true,"href":"https:\/\/www.sincomam.org.br\/index.php\/wp-json\/wp\/v2\/users\/1527"}],"replies":[{"embeddable":true,"href":"https:\/\/www.sincomam.org.br\/index.php\/wp-json\/wp\/v2\/comments?post=37818"}],"version-history":[{"count":1,"href":"https:\/\/www.sincomam.org.br\/index.php\/wp-json\/wp\/v2\/posts\/37818\/revisions"}],"predecessor-version":[{"id":37822,"href":"https:\/\/www.sincomam.org.br\/index.php\/wp-json\/wp\/v2\/posts\/37818\/revisions\/37822"}],"wp:featuredmedia":[{"embeddable":true,"href":"https:\/\/www.sincomam.org.br\/index.php\/wp-json\/wp\/v2\/media\/37821"}],"wp:attachment":[{"href":"https:\/\/www.sincomam.org.br\/index.php\/wp-json\/wp\/v2\/media?parent=37818"}],"wp:term":[{"taxonomy":"category","embeddable":true,"href":"https:\/\/www.sincomam.org.br\/index.php\/wp-json\/wp\/v2\/categories?post=37818"},{"taxonomy":"post_tag","embeddable":true,"href":"https:\/\/www.sincomam.org.br\/index.php\/wp-json\/wp\/v2\/tags?post=37818"}],"curies":[{"name":"wp","href":"https:\/\/api.w.org\/{rel}","templated":true}]}}