{"id":37798,"date":"2022-02-07T08:30:00","date_gmt":"2022-02-07T11:30:00","guid":{"rendered":"http:\/\/www.sincomam.org.br\/?p=37798"},"modified":"2022-02-07T00:28:33","modified_gmt":"2022-02-07T03:28:33","slug":"porto-de-paranagua-lanca-edital-para-leilao-de-area-de-carga-geral","status":"publish","type":"post","link":"https:\/\/www.sincomam.org.br\/index.php\/porto-de-paranagua-lanca-edital-para-leilao-de-area-de-carga-geral\/","title":{"rendered":"PORTO DE PARANAGU\u00c1 LAN\u00c7A EDITAL PARA LEIL\u00c3O DE \u00c1REA DE CARGA GERAL"},"content":{"rendered":"<p>A Portos do Paran\u00e1 publicou nesta sexta-feira (4) o edital do leil\u00e3o 001\/2022, de \u00e1rea para movimenta\u00e7\u00e3o e armazenagem de carga geral, na faixa prim\u00e1ria do Porto de Paranagu\u00e1. A PAR32 fica no lado oeste do cais, tem 6,6 mil metros, e j\u00e1 conta com estrutura ligada ao ber\u00e7o 205 de atraca\u00e7\u00e3o.<\/p>\n<p>Destinado, em especial, a cargas de a\u00e7\u00facar, o terminal j\u00e1 tem uma estrutura f\u00edsica, ou seja, n\u00e3o \u00e9 greenfield. O crit\u00e9rio de licita\u00e7\u00e3o ser\u00e1 o maior valor de outorga e a estimativa de custos de investimento (Capex) \u00e9 de cerca de R$ 4,17 milh\u00f5es.<\/p>\n<p>O prazo do novo arrendamento ser\u00e1 de 10 anos, prorrog\u00e1veis a crit\u00e9rio do poder concedente, nos termos do edital. Os requisitos e demais condi\u00e7\u00f5es de participa\u00e7\u00e3o est\u00e3o definidos no edital do leil\u00e3o.<\/p>\n<p>O edital e os anexos est\u00e3o dispon\u00edveis nos sites www.portosdoparana.pr.gov.br e www.infraestrutura.gov.br.<\/p>\n<p>Os documentos tamb\u00e9m s\u00e3o encontrados na sede administrativa do Porto de Paranagu\u00e1, na Avenida Ayrton Senna da Silva, 161, bairro Dom Pedro II.<\/p>\n<p>SESS\u00c3O P\u00daBLICA \u2013 A sess\u00e3o p\u00fablica do leil\u00e3o ser\u00e1 na Bolsa de Valores do Brasil, a B3, no pr\u00f3ximo dia 1\u00ba de abril, \u00e0s 14h. A autoridade portu\u00e1ria paranaense \u00e9 a primeira do Brasil a conduzir os leil\u00f5es dos pr\u00f3prios terminais. A empresa p\u00fablica Portos do Paran\u00e1 recebeu autonomia para administrar os contratos de explora\u00e7\u00e3o de \u00e1reas, em agosto de 2019.<\/p>\n<p>Os cen\u00e1rios e proje\u00e7\u00e3o de demanda da \u00e1rea fazem parte do Estudo de Viabilidade T\u00e9cnica, Econ\u00f4mica e Ambiental (EVTEA), feito pela Empresa de Planejamento e Log\u00edstica S.A, vinculada ao Minist\u00e9rio da Infraestrutura.<\/p>\n<p>Fonte:Ag\u00eancia de Not\u00edcias do Paran\u00e1<\/p>\n","protected":false},"excerpt":{"rendered":"<p>A Portos do Paran\u00e1 publicou nesta sexta-feira (4) o edital do leil\u00e3o 001\/2022, de \u00e1rea para movimenta\u00e7\u00e3o e armazenagem de carga geral, na faixa prim\u00e1ria&#8230;<\/p>\n","protected":false},"author":1527,"featured_media":37799,"comment_status":"closed","ping_status":"closed","sticky":false,"template":"","format":"standard","meta":{"footnotes":""},"categories":[6],"tags":[],"class_list":["post-37798","post","type-post","status-publish","format-standard","has-post-thumbnail","hentry","category-noticias"],"_links":{"self":[{"href":"https:\/\/www.sincomam.org.br\/index.php\/wp-json\/wp\/v2\/posts\/37798","targetHints":{"allow":["GET"]}}],"collection":[{"href":"https:\/\/www.sincomam.org.br\/index.php\/wp-json\/wp\/v2\/posts"}],"about":[{"href":"https:\/\/www.sincomam.org.br\/index.php\/wp-json\/wp\/v2\/types\/post"}],"author":[{"embeddable":true,"href":"https:\/\/www.sincomam.org.br\/index.php\/wp-json\/wp\/v2\/users\/1527"}],"replies":[{"embeddable":true,"href":"https:\/\/www.sincomam.org.br\/index.php\/wp-json\/wp\/v2\/comments?post=37798"}],"version-history":[{"count":1,"href":"https:\/\/www.sincomam.org.br\/index.php\/wp-json\/wp\/v2\/posts\/37798\/revisions"}],"predecessor-version":[{"id":37800,"href":"https:\/\/www.sincomam.org.br\/index.php\/wp-json\/wp\/v2\/posts\/37798\/revisions\/37800"}],"wp:featuredmedia":[{"embeddable":true,"href":"https:\/\/www.sincomam.org.br\/index.php\/wp-json\/wp\/v2\/media\/37799"}],"wp:attachment":[{"href":"https:\/\/www.sincomam.org.br\/index.php\/wp-json\/wp\/v2\/media?parent=37798"}],"wp:term":[{"taxonomy":"category","embeddable":true,"href":"https:\/\/www.sincomam.org.br\/index.php\/wp-json\/wp\/v2\/categories?post=37798"},{"taxonomy":"post_tag","embeddable":true,"href":"https:\/\/www.sincomam.org.br\/index.php\/wp-json\/wp\/v2\/tags?post=37798"}],"curies":[{"name":"wp","href":"https:\/\/api.w.org\/{rel}","templated":true}]}}