{"id":3778,"date":"2014-02-24T08:10:41","date_gmt":"2014-02-24T11:10:41","guid":{"rendered":"http:\/\/www.sincomam.org.br\/?p=3778"},"modified":"2014-02-27T13:59:58","modified_gmt":"2014-02-27T16:59:58","slug":"entrega-do-ir-comeca-em-6-de-marco-e-podera-ser-feita-via-tablet-diz-fisco","status":"publish","type":"post","link":"https:\/\/www.sincomam.org.br\/index.php\/entrega-do-ir-comeca-em-6-de-marco-e-podera-ser-feita-via-tablet-diz-fisco\/","title":{"rendered":"Entrega do IR come\u00e7a em 6 de mar\u00e7o e poder\u00e1 ser feita via tablet, diz Fisco"},"content":{"rendered":"<p><b><i>\u00daltimo dia para enviar a declara\u00e7\u00e3o \u00e9 novamente 30 de abril<\/i><\/b><\/p>\n<p>A temporada de entrega do Imposto de Renda come\u00e7ar\u00e1 em 6 de mar\u00e7o neste ano, na quinta-feira ap\u00f3s o carnaval, segundo a Receita Federal. Os prazos e as regras para 2014 foram publicados nesta sexta-feira (21) no &#8220;Di\u00e1rio Oficial da Uni\u00e3o&#8221;,\u00a0que trata da declara\u00e7\u00e3o do Imposto\u00a0de Renda Pessoa F\u00edsica 2014.<\/p>\n<p>Neste ano tamb\u00e9m est\u00e1 permitida a entrega por meio de tablets e smartphones desde o in\u00edcio do prazo legal. Com isso, o prazo para acertar as contas com o Le\u00e3o vai ter alguns dias a menos neste ano.\u00a0<\/p>\n<p>Nos \u00faltimos dez anos, a entrega come\u00e7ou um pouco antes, em 1\u00ba de mar\u00e7o. A exemplo de anos anteriores, a data limite para apresenta\u00e7\u00e3o do documento foi mantida no dia 30 de abril.<\/p>\n<p>A Receita informou que o programa estar\u00e1 dispon\u00edvel para &#8220;download&#8221;, neste ano, em 26 de fevereiro, de modo que as pessoas poder\u00e3o, caso queiram, preencher o documento no carnaval. O envio s\u00f3 poder\u00e1 ser feito a partir de 6 de mar\u00e7o. Quem perder o prazo neste ano est\u00e1 sujeito a multa m\u00ednima de R$ 165,74, confirmou a Receita Federal.<\/p>\n<p>Os contribuintes que enviarem a declara\u00e7\u00e3o no in\u00edcio do prazo, sem erros, omiss\u00f5es ou inconsist\u00eancias, tamb\u00e9m recebem mais cedo as restitui\u00e7\u00f5es do Imposto de Renda &#8211; caso tenham direito a ela. Idosos, portadores de mol\u00e9stia grave e deficientes f\u00edsicos ou mentais t\u00eam prioridade. Os valores come\u00e7am a ser pagos em junho de cada ano pelo governo e se estendem at\u00e9 dezembro, geralmente em sete lotes.<\/p>\n<p><b>Formas de entrega<\/b><\/p>\n<p>A entrega da declara\u00e7\u00e3o do Imposto de Renda 2014 poder\u00e1 ser feita pela internet, com o programa de transmiss\u00e3o da Receita Federal (Receitanet), ou por meio de dispositivos m\u00f3veis tablets e smartphones (m-IRPF).<\/p>\n<p>Neste ano, n\u00e3o ser\u00e1 mais permitida a entrega do IR via disquete nas ag\u00eancias do Banco do Brasil ou da Caixa Econ\u00f4mica Federal, como aconteceu at\u00e9 2013. A entrega do documento via formul\u00e1rio foi extinta em 2010.<\/p>\n<p>&#8220;O m-IRPF \u00e9 acionado por meio do aplicativo APP Pessoa F\u00edsica, dispon\u00edvel nas lojas de aplicativos Google play, para o sistema operacional Android, ou App Store, para o sistema operacional iOS&#8221;, informou a Receita Federal, acrescentando que o &#8220;download&#8221; do aplicativo poder\u00e1 ser feito a partir de 6 de mar\u00e7o.<\/p>\n<p>Fonte: G1<\/p>\n","protected":false},"excerpt":{"rendered":"<p>\u00daltimo dia para enviar a declara\u00e7\u00e3o \u00e9 novamente 30 de abril A temporada de entrega do Imposto de Renda come\u00e7ar\u00e1 em 6 de mar\u00e7o neste&#8230;<\/p>\n","protected":false},"author":1182,"featured_media":0,"comment_status":"closed","ping_status":"closed","sticky":false,"template":"","format":"standard","meta":{"footnotes":""},"categories":[6],"tags":[546,545,203,326,547],"class_list":["post-3778","post","type-post","status-publish","format-standard","hentry","category-noticias","tag-declaracao","tag-fisco","tag-imposto-de-renda","tag-receita","tag-tablet"],"_links":{"self":[{"href":"https:\/\/www.sincomam.org.br\/index.php\/wp-json\/wp\/v2\/posts\/3778","targetHints":{"allow":["GET"]}}],"collection":[{"href":"https:\/\/www.sincomam.org.br\/index.php\/wp-json\/wp\/v2\/posts"}],"about":[{"href":"https:\/\/www.sincomam.org.br\/index.php\/wp-json\/wp\/v2\/types\/post"}],"author":[{"embeddable":true,"href":"https:\/\/www.sincomam.org.br\/index.php\/wp-json\/wp\/v2\/users\/1182"}],"replies":[{"embeddable":true,"href":"https:\/\/www.sincomam.org.br\/index.php\/wp-json\/wp\/v2\/comments?post=3778"}],"version-history":[{"count":2,"href":"https:\/\/www.sincomam.org.br\/index.php\/wp-json\/wp\/v2\/posts\/3778\/revisions"}],"predecessor-version":[{"id":3940,"href":"https:\/\/www.sincomam.org.br\/index.php\/wp-json\/wp\/v2\/posts\/3778\/revisions\/3940"}],"wp:attachment":[{"href":"https:\/\/www.sincomam.org.br\/index.php\/wp-json\/wp\/v2\/media?parent=3778"}],"wp:term":[{"taxonomy":"category","embeddable":true,"href":"https:\/\/www.sincomam.org.br\/index.php\/wp-json\/wp\/v2\/categories?post=3778"},{"taxonomy":"post_tag","embeddable":true,"href":"https:\/\/www.sincomam.org.br\/index.php\/wp-json\/wp\/v2\/tags?post=3778"}],"curies":[{"name":"wp","href":"https:\/\/api.w.org\/{rel}","templated":true}]}}