{"id":37757,"date":"2022-02-03T08:39:49","date_gmt":"2022-02-03T11:39:49","guid":{"rendered":"http:\/\/www.sincomam.org.br\/?p=37757"},"modified":"2022-02-03T00:51:36","modified_gmt":"2022-02-03T03:51:36","slug":"audiencia-publica-presencial-sobre-concessao-do-porto-de-santos-sera-no-dia-10-de-fevereiro","status":"publish","type":"post","link":"https:\/\/www.sincomam.org.br\/index.php\/audiencia-publica-presencial-sobre-concessao-do-porto-de-santos-sera-no-dia-10-de-fevereiro\/","title":{"rendered":"AUDI\u00caNCIA P\u00daBLICA PRESENCIAL SOBRE CONCESS\u00c3O DO PORTO DE SANTOS SER\u00c1 NO DIA 10 DE FEVEREIRO"},"content":{"rendered":"<p>A ANTAQ realizar\u00e1, no dia 10 de fevereiro, em Santos (SP), a primeira audi\u00eancia p\u00fablica para tratar da desestatiza\u00e7\u00e3o do Porto Organizado de Santos. A sess\u00e3o ser\u00e1 no modo h\u00edbrido (presencial e virtual), com in\u00edcio \u00e0s 15h, e tem como objetivo obter contribui\u00e7\u00f5es, subs\u00eddios e sugest\u00f5es para o aprimoramento dos documentos t\u00e9cnicos e jur\u00eddicos relativos \u00e0 realiza\u00e7\u00e3o de certame licitat\u00f3rio de concess\u00e3o do porto.<\/p>\n<p>O per\u00edodo de consulta e audi\u00eancia p\u00fablicas iniciou nesta segunda-feira (31\/1) e segue at\u00e9 16 de mar\u00e7o de 2022. O prazo de concess\u00e3o ser\u00e1 de 35 anos, prorrog\u00e1vel por at\u00e9 5 anos. De acordo com os estudos, os investimentos previstos para adequa\u00e7\u00e3o da infraestrutura do porto organizado totalizam R$ 16 bilh\u00f5es, os quais dever\u00e3o ser realizados ao longo da vig\u00eancia contratual.<\/p>\n<p>Sess\u00e3o simult\u00e2nea<\/p>\n<p>A audi\u00eancia p\u00fablica h\u00edbrida ocorrer\u00e1 de forma simult\u00e2nea e ser\u00e1 transmitida pela Internet, no canal da ANTAQ no YouTube. Nesse caso, n\u00e3o \u00e9 necess\u00e1rio fazer inscri\u00e7\u00e3o para assistir a sess\u00e3o. J\u00e1 o evento presencial acontecer\u00e1 na Associa\u00e7\u00e3o Comercial de Santos (ACS) e haver\u00e1 limite de participantes em virtude da pandemia da Covid-19.<\/p>\n<p>Os participantes que ir\u00e3o presencialmente dever\u00e3o apresentar o Certificado Nacional de Vacina\u00e7\u00e3o Covid-19, dispon\u00edvel no aplicativo Conecte SUS, ou o cart\u00e3o de vacina\u00e7\u00e3o v\u00e1lido com as doses obrigat\u00f3rias. O uso de m\u00e1scara \u00e9 obrigat\u00f3rio.<\/p>\n<p>J\u00e1 os interessados em manifestar-se na audi\u00eancia, por meio virtual, dever\u00e3o se inscrever pelo aplicativo de mensagens instant\u00e2neas, Whatsapp, no n\u00famero (61) 2029-6940. O per\u00edodo de inscri\u00e7\u00e3o ser\u00e1 das 9h \u00e0s 14h do dia 9 de fevereiro.<\/p>\n<p>Esses participantes poder\u00e3o enviar suas contribui\u00e7\u00f5es por v\u00eddeo, \u00e1udio ou at\u00e9 mesmo por escrito via Whatsapp. Tamb\u00e9m poder\u00e3o se manifestar entrando na sala de reuni\u00e3o criada no aplicativo \u201cZoom\u201d. Para isso, no ato de inscri\u00e7\u00e3o, o interessado dever\u00e1 se manifestar nesse sentido e encaminhar seu endere\u00e7o eletr\u00f4nico de login no \u201cZoom\u201d para ser convidado a entrar na sala na sua vez.<\/p>\n<p>Em caso de problemas computacionais para utiliza\u00e7\u00e3o dessa ferramenta, ser\u00e1 realizada uma segunda tentativa de conex\u00e3o ao final de todas as contribui\u00e7\u00f5es.<\/p>\n<p>Fonte: Informativo dos Portos<\/p>\n","protected":false},"excerpt":{"rendered":"<p>A ANTAQ realizar\u00e1, no dia 10 de fevereiro, em Santos (SP), a primeira audi\u00eancia p\u00fablica para tratar da desestatiza\u00e7\u00e3o do Porto Organizado de Santos. A&#8230;<\/p>\n","protected":false},"author":1527,"featured_media":34235,"comment_status":"closed","ping_status":"closed","sticky":false,"template":"","format":"standard","meta":{"footnotes":""},"categories":[6],"tags":[],"class_list":["post-37757","post","type-post","status-publish","format-standard","has-post-thumbnail","hentry","category-noticias"],"_links":{"self":[{"href":"https:\/\/www.sincomam.org.br\/index.php\/wp-json\/wp\/v2\/posts\/37757","targetHints":{"allow":["GET"]}}],"collection":[{"href":"https:\/\/www.sincomam.org.br\/index.php\/wp-json\/wp\/v2\/posts"}],"about":[{"href":"https:\/\/www.sincomam.org.br\/index.php\/wp-json\/wp\/v2\/types\/post"}],"author":[{"embeddable":true,"href":"https:\/\/www.sincomam.org.br\/index.php\/wp-json\/wp\/v2\/users\/1527"}],"replies":[{"embeddable":true,"href":"https:\/\/www.sincomam.org.br\/index.php\/wp-json\/wp\/v2\/comments?post=37757"}],"version-history":[{"count":1,"href":"https:\/\/www.sincomam.org.br\/index.php\/wp-json\/wp\/v2\/posts\/37757\/revisions"}],"predecessor-version":[{"id":37758,"href":"https:\/\/www.sincomam.org.br\/index.php\/wp-json\/wp\/v2\/posts\/37757\/revisions\/37758"}],"wp:featuredmedia":[{"embeddable":true,"href":"https:\/\/www.sincomam.org.br\/index.php\/wp-json\/wp\/v2\/media\/34235"}],"wp:attachment":[{"href":"https:\/\/www.sincomam.org.br\/index.php\/wp-json\/wp\/v2\/media?parent=37757"}],"wp:term":[{"taxonomy":"category","embeddable":true,"href":"https:\/\/www.sincomam.org.br\/index.php\/wp-json\/wp\/v2\/categories?post=37757"},{"taxonomy":"post_tag","embeddable":true,"href":"https:\/\/www.sincomam.org.br\/index.php\/wp-json\/wp\/v2\/tags?post=37757"}],"curies":[{"name":"wp","href":"https:\/\/api.w.org\/{rel}","templated":true}]}}