{"id":37749,"date":"2022-02-03T08:27:13","date_gmt":"2022-02-03T11:27:13","guid":{"rendered":"http:\/\/www.sincomam.org.br\/?p=37749"},"modified":"2022-02-03T00:36:52","modified_gmt":"2022-02-03T03:36:52","slug":"presidente-do-inss-diz-que-cidadao-nao-precisara-mais-sair-de-casa-para-fazer-prova-de-vida","status":"publish","type":"post","link":"https:\/\/www.sincomam.org.br\/index.php\/presidente-do-inss-diz-que-cidadao-nao-precisara-mais-sair-de-casa-para-fazer-prova-de-vida\/","title":{"rendered":"Presidente do INSS diz que cidad\u00e3o n\u00e3o precisar\u00e1 mais sair de casa para fazer prova de vida"},"content":{"rendered":"<p>O presidente do Instituto Nacional do Seguro Social (INSS), Jos\u00e9 Carlos Oliveira, informou nesta quarta-feira (2) que os cidad\u00e3os n\u00e3o precisar\u00e3o mais sair de casa para fazer a prova de vida e que o governo passar\u00e1 a usar outros tipos de dados para confirmar se a pessoa est\u00e1 viva.<\/p>\n<p>Segundo o governo a medida entrar\u00e1 em vigor quando for publicada no &#8220;Di\u00e1rio Oficial da Uni\u00e3o&#8221;, mas Oliveira n\u00e3o informou quando isso acontecer\u00e1. Segundo ele, se o governo n\u00e3o encontrar dados recentes da pessoa, ir\u00e1 \u00e0 resid\u00eancia dela para a prova biom\u00e9trica.<\/p>\n<p>Oliveira deu as informa\u00e7\u00f5es ao discursar em cerim\u00f4nia no Pal\u00e1cio do Planalto, da qual participaram, entre outras autoridades, o presidente Jair Bolsonaro e o ministro da Casa Civil, Ciro Nogueira. Durante o evento, foi assinada uma portaria para mudar as regras da prova de vida.<\/p>\n<p>A prova de vida \u00e9 obrigat\u00f3ria para aposentados, pensionistas e para quem recebe benef\u00edcios do INSS por meio de conta corrente, poupan\u00e7a ou cart\u00e3o magn\u00e9tico. O procedimento serve para evitar fraudes e garante a manuten\u00e7\u00e3o do pagamento.<\/p>\n<p><strong>Mudan\u00e7as at\u00e9 31 de dezembro<\/strong><br \/>\nSegundo o presidente do INSS, atualmente 36 milh\u00f5es de brasileiros se deslocam para fazer a prova de vida, dos quais 5 milh\u00f5es t\u00eam mais de 80 anos de idade.<\/p>\n<p>De acordo com o governo, o INSS tem at\u00e9 31 de dezembro deste ano para implementar as mudan\u00e7as necess\u00e1rias. &#8220;At\u00e9 essa data, o bloqueio de pagamento por falta da comprova\u00e7\u00e3o de vida fica suspenso&#8221;, informou o governo.<\/p>\n<p>Atualmente, ainda segundo o governo federal, n\u00e3o h\u00e1 pessoa bloqueada por falta de prova de vida e a fam\u00edlia do benefici\u00e1rio ser\u00e1 informada que a prova de vida deu certo.<\/p>\n<p>O governo informou ainda que a cada dez meses, entre um anivers\u00e1rio e outro do benefici\u00e1rio, o INSS ter\u00e1 a obriga\u00e7\u00e3o de encontrar a prova de que a pessoa est\u00e1 viva.<\/p>\n<p><strong>O an\u00fancio<\/strong><br \/>\nDe acordo com o presidente do INSS, a partir de agora, a &#8220;obriga\u00e7\u00e3o&#8221; de fazer a prova de vida \u00e9 do pr\u00f3prio \u00f3rg\u00e3o.<\/p>\n<p>Durante a cerim\u00f4nia, Jos\u00e9 Carlos Oliveira deu os seguintes exemplos que servir\u00e3o para o governo comprovar que uma pessoa est\u00e1 viva:<\/p>\n<p>se o cidad\u00e3o tirar ou renovar o passaporte;<br \/>\nse o cidad\u00e3o tirar carteira de identidade ou renovar o documento;<br \/>\nse o cidad\u00e3o votar;<br \/>\nse o cidad\u00e3o fizer transfer\u00eancia de ve\u00edculo;<br \/>\nse o cidad\u00e3o fizer empr\u00e9stimo consignado.<br \/>\n&#8220;N\u00f3s vamos aceitar isso como prova de vida&#8221;, declarou o presidente do INSS.<\/p>\n<p>Al\u00e9m desses itens, o cerimonial do Pal\u00e1cio do Planalto informou durante o evento que tamb\u00e9m ser\u00e3o aceitos:<\/p>\n<p>emiss\u00e3o ou renova\u00e7\u00e3o de carteira de motorista;<br \/>\nregistros de vacina\u00e7\u00e3o;<br \/>\nregistro de consultas no SUS.<br \/>\nEm seguida, Jos\u00e9 Oliveira informou que o governo federal tamb\u00e9m passar\u00e1 a buscar dados em bases de informa\u00e7\u00f5es dos governos estaduais e municipais. O governo informou que tamb\u00e9m pretende usar bases de dados de entidades privadas, mas este ponto ainda est\u00e1 em negocia\u00e7\u00e3o.<\/p>\n<p>&#8220;Se caso n\u00f3s n\u00e3o encontramos um movimento do cidad\u00e3o em uma dessas bases, mesmo assim, o cidad\u00e3o n\u00e3o vai precisar sair de casa para fazer a prova de vida&#8221;, afirmou.<\/p>\n<p>&#8220;O INSS prover\u00e1 meios, com parcerias que far\u00e1, para que o servidor, o correio, para que essa entidade parceira v\u00e1 na resid\u00eancia e fa\u00e7a a captura biom\u00e9trica na porta do segurado. Para que o segurado n\u00e3o saia mais da sua resid\u00eancia&#8221;, acrescentou.<\/p>\n<p><strong>Biometria<\/strong><br \/>\nA prova de vida digital \u00e9 feita por meio de biometria facial. O INSS usa a base de dados do Departamento Nacional de Tr\u00e2nsito (Denatran) e do Tribunal Superior Eleitoral (TSE).<\/p>\n<p>Portanto, podem fazer a biometria facial os segurados que tenham carteira de motorista ou t\u00edtulo de eleitor, com biometria cadastrada no Departamento de Tr\u00e2nsito (Detran) ou na Justi\u00e7a Eleitoral, respectivamente.<\/p>\n<p>Fonte: G1<\/p>\n","protected":false},"excerpt":{"rendered":"<p>O presidente do Instituto Nacional do Seguro Social (INSS), Jos\u00e9 Carlos Oliveira, informou nesta quarta-feira (2) que os cidad\u00e3os n\u00e3o precisar\u00e3o mais sair de casa&#8230;<\/p>\n","protected":false},"author":1527,"featured_media":32456,"comment_status":"closed","ping_status":"closed","sticky":false,"template":"","format":"standard","meta":{"footnotes":""},"categories":[6],"tags":[],"class_list":["post-37749","post","type-post","status-publish","format-standard","has-post-thumbnail","hentry","category-noticias"],"_links":{"self":[{"href":"https:\/\/www.sincomam.org.br\/index.php\/wp-json\/wp\/v2\/posts\/37749","targetHints":{"allow":["GET"]}}],"collection":[{"href":"https:\/\/www.sincomam.org.br\/index.php\/wp-json\/wp\/v2\/posts"}],"about":[{"href":"https:\/\/www.sincomam.org.br\/index.php\/wp-json\/wp\/v2\/types\/post"}],"author":[{"embeddable":true,"href":"https:\/\/www.sincomam.org.br\/index.php\/wp-json\/wp\/v2\/users\/1527"}],"replies":[{"embeddable":true,"href":"https:\/\/www.sincomam.org.br\/index.php\/wp-json\/wp\/v2\/comments?post=37749"}],"version-history":[{"count":1,"href":"https:\/\/www.sincomam.org.br\/index.php\/wp-json\/wp\/v2\/posts\/37749\/revisions"}],"predecessor-version":[{"id":37750,"href":"https:\/\/www.sincomam.org.br\/index.php\/wp-json\/wp\/v2\/posts\/37749\/revisions\/37750"}],"wp:featuredmedia":[{"embeddable":true,"href":"https:\/\/www.sincomam.org.br\/index.php\/wp-json\/wp\/v2\/media\/32456"}],"wp:attachment":[{"href":"https:\/\/www.sincomam.org.br\/index.php\/wp-json\/wp\/v2\/media?parent=37749"}],"wp:term":[{"taxonomy":"category","embeddable":true,"href":"https:\/\/www.sincomam.org.br\/index.php\/wp-json\/wp\/v2\/categories?post=37749"},{"taxonomy":"post_tag","embeddable":true,"href":"https:\/\/www.sincomam.org.br\/index.php\/wp-json\/wp\/v2\/tags?post=37749"}],"curies":[{"name":"wp","href":"https:\/\/api.w.org\/{rel}","templated":true}]}}