{"id":37734,"date":"2022-02-02T10:28:00","date_gmt":"2022-02-02T13:28:00","guid":{"rendered":"http:\/\/www.sincomam.org.br\/?p=37734"},"modified":"2022-02-02T10:28:00","modified_gmt":"2022-02-02T13:28:00","slug":"museu-maritimo-do-brasil-avanca-com-assinatura-do-projeto-executivo-de-arquitetura","status":"publish","type":"post","link":"https:\/\/www.sincomam.org.br\/index.php\/museu-maritimo-do-brasil-avanca-com-assinatura-do-projeto-executivo-de-arquitetura\/","title":{"rendered":"Museu Mar\u00edtimo do Brasil avan\u00e7a com assinatura do Projeto Executivo de Arquitetura"},"content":{"rendered":"<p>O Projeto \u201cMuseu Mar\u00edtimo do Brasil\u201d \u2014 fruto da parceria entre o Departamento Cultural do Abrigo do Marinheiro (DCAMN) e a Diretoria do Patrim\u00f4nio Hist\u00f3rico e Documenta\u00e7\u00e3o da Marinha (DPHDM) \u2014 alcan\u00e7ou, em 28 de janeiro, mais uma conquista, com a assinatura do contrato que d\u00e1 in\u00edcio \u00e0 Fase 2 desta iniciativa que entregar\u00e1 ao Pa\u00eds seu primeiro museu mar\u00edtimo.<\/p>\n<p>O contrato foi celebrado entre o DCAMN e a equipe capitaneada pelo arquiteto e urbanista Rodrigo Quintella Messina, vencedor do Concurso de Estudos Preliminares de Arquitetura para o vindouro museu, em 2021. Assinado pelo Diretor Departamental do DCAMN e Vice-Diretor da DPHDM, Capit\u00e3o de Mar e Guerra (T) F\u00e1bio Bittencourt Quirino, e por Messina, o documento prev\u00ea a elabora\u00e7\u00e3o de um Projeto Executivo de Arquitetura e de Projetos T\u00e9cnicos Complementares para a constru\u00e7\u00e3o do futuro Museu Mar\u00edtimo do Brasil, que visa integrar e pensar o mar e a cidade sob \u00f3ticas culturais e multidisciplinares.<\/p>\n<p>Para o Diretor do Patrim\u00f4nio Hist\u00f3rico e Documenta\u00e7\u00e3o da Marinha, Vice-Almirante Jos\u00e9 Carlos Mathias, presente remotamente \u00e0 cerim\u00f4nia de assinatura, essa contrata\u00e7\u00e3o representa \u201cum marco para dar cada vez mais materialidade\u201d a um equipamento cultural que \u201cvolta os olhos para esse mar que atravessa a nossa hist\u00f3ria\u201d. Segundo Rodrigo Messina, \u00e9 uma \u201cfelicidade participar deste momento hist\u00f3rico e integrar esse debate importante sobre a cidade em interse\u00e7\u00e3o com o mar\u201d.<\/p>\n<p>Colaborador de Messina no projeto ganhador do concurso, realizado pelo Departamento do Rio de Janeiro do Instituto de Arquitetos do Brasil (IAB\/RJ) no ano anterior, o arquiteto e urbanista Martin Benavidez resumiu o sentimento de sua equipe em estar ao lado da Marinha. \u201c\u00c9 um privil\u00e9gio e um compromisso com a qualidade do projeto.\u201d<\/p>\n<p>Fonte: Centro de Comunica\u00e7\u00e3o Social da Marinha<\/p>\n","protected":false},"excerpt":{"rendered":"<p>O Projeto \u201cMuseu Mar\u00edtimo do Brasil\u201d \u2014 fruto da parceria entre o Departamento Cultural do Abrigo do Marinheiro (DCAMN) e a Diretoria do Patrim\u00f4nio Hist\u00f3rico&#8230;<\/p>\n","protected":false},"author":1527,"featured_media":37735,"comment_status":"closed","ping_status":"closed","sticky":false,"template":"","format":"standard","meta":{"footnotes":""},"categories":[6],"tags":[],"class_list":["post-37734","post","type-post","status-publish","format-standard","has-post-thumbnail","hentry","category-noticias"],"_links":{"self":[{"href":"https:\/\/www.sincomam.org.br\/index.php\/wp-json\/wp\/v2\/posts\/37734","targetHints":{"allow":["GET"]}}],"collection":[{"href":"https:\/\/www.sincomam.org.br\/index.php\/wp-json\/wp\/v2\/posts"}],"about":[{"href":"https:\/\/www.sincomam.org.br\/index.php\/wp-json\/wp\/v2\/types\/post"}],"author":[{"embeddable":true,"href":"https:\/\/www.sincomam.org.br\/index.php\/wp-json\/wp\/v2\/users\/1527"}],"replies":[{"embeddable":true,"href":"https:\/\/www.sincomam.org.br\/index.php\/wp-json\/wp\/v2\/comments?post=37734"}],"version-history":[{"count":1,"href":"https:\/\/www.sincomam.org.br\/index.php\/wp-json\/wp\/v2\/posts\/37734\/revisions"}],"predecessor-version":[{"id":37736,"href":"https:\/\/www.sincomam.org.br\/index.php\/wp-json\/wp\/v2\/posts\/37734\/revisions\/37736"}],"wp:featuredmedia":[{"embeddable":true,"href":"https:\/\/www.sincomam.org.br\/index.php\/wp-json\/wp\/v2\/media\/37735"}],"wp:attachment":[{"href":"https:\/\/www.sincomam.org.br\/index.php\/wp-json\/wp\/v2\/media?parent=37734"}],"wp:term":[{"taxonomy":"category","embeddable":true,"href":"https:\/\/www.sincomam.org.br\/index.php\/wp-json\/wp\/v2\/categories?post=37734"},{"taxonomy":"post_tag","embeddable":true,"href":"https:\/\/www.sincomam.org.br\/index.php\/wp-json\/wp\/v2\/tags?post=37734"}],"curies":[{"name":"wp","href":"https:\/\/api.w.org\/{rel}","templated":true}]}}