{"id":3773,"date":"2014-02-24T08:05:31","date_gmt":"2014-02-24T11:05:31","guid":{"rendered":"http:\/\/www.sincomam.org.br\/?p=3773"},"modified":"2014-02-23T23:47:12","modified_gmt":"2014-02-24T02:47:12","slug":"mantega-nao-descarta-alta-de-impostos-para-cumprir-meta","status":"publish","type":"post","link":"https:\/\/www.sincomam.org.br\/index.php\/mantega-nao-descarta-alta-de-impostos-para-cumprir-meta\/","title":{"rendered":"Mantega n\u00e3o descarta alta de impostos para cumprir meta"},"content":{"rendered":"<p><em><strong>Ministro da Fazenda disse que o aumento &#8220;\u00e9 uma esp\u00e9cie de reserva \u00a0que o governo pode ter para ser usada&#8221;<\/strong><\/em><\/p>\n<p>Para evitar uma frustra\u00e7\u00e3o da meta fiscal, o ministro da Fazenda, Guido Mantega, acenou nesta sexta-feira, 21, com um aumento de impostos este ano. Segundo ele, essa \u00e9 uma esp\u00e9cie de reserva que o governo tem para ser usada, se for necess\u00e1rio, para melhorar a arrecada\u00e7\u00e3o.<\/p>\n<p>Em teleconfer\u00eancia para analistas estrangeiros, o ministro disse, contudo, que a proje\u00e7\u00e3o feita para o aumento de receitas \u00e9 realista. Segundo ele, a proje\u00e7\u00e3o de alta da arrecada\u00e7\u00e3o administrada, que vem da cobran\u00e7a de impostos, \u00e9 de aproximadamente 8%. J\u00e1 a previs\u00e3o de aumento das receitas totais, que incluem arrecada\u00e7\u00e3o com royalties de petr\u00f3leo e concess\u00f5es, \u00e9 de 10%.<\/p>\n<p>O ministro lembrou que essa previs\u00e3o de alta \u00e9 nominal e, com a infla\u00e7\u00e3o, a estimativa n\u00e3o \u00e9 t\u00e3o alta. &#8220;Se compararmos com a trajet\u00f3ria de arrecada\u00e7\u00e3o, est\u00e1 em linha com o crescimento&#8221;, afirmou. Ele destacou que a concess\u00e3o da banda larga de 4G trar\u00e1 receitas extraordin\u00e1rias este ano, mas n\u00e3o fez previs\u00f5es de valores.<\/p>\n<p>Mantega reafirmou que \u00e9 preciso esperar at\u00e9 abril para que sejam feitos c\u00e1lculos sobre as necessidades de poss\u00edveis aportes adicionais \u00e0 Conta de Desenvolvimento Energ\u00e9tico (CDE), com base no n\u00edvel dos reservat\u00f3rios das hidrel\u00e9tricas no fim do per\u00edodo \u00famido. Ele assegurou, contudo, que a meta de super\u00e1vit prim\u00e1rio de 1,9% do Produto Interno Bruto (PIB) ser\u00e1 atingida mesmo se forem feitos aportes na CDE.<\/p>\n<p>&#8220;Por enquanto ainda n\u00e3o est\u00e1 claro se vai haver aumento de despesas de energia em 2014 e como vamos distribu\u00ed-las entre o setor p\u00fablico e as tarifas de energia&#8221;, disse.<\/p>\n<p>O eventual aumento dos gastos dever\u00e1 exigir um aporte na CDE. A conta \u00e9 um fundo setorial respons\u00e1vel pelo pagamento de programas sociais do governo na \u00e1rea de energia, como o Luz para Todos. Tamb\u00e9m \u00e9 usado para pagar o combust\u00edvel utilizado pelas usinas termoel\u00e9tricas e as indeniza\u00e7\u00f5es \u00e0s empresas que aceitaram renovar antecipadamente suas concess\u00f5es &#8211; movimento que fez parte do plano para reduzir as contas de energia.<\/p>\n<p>Ao contr\u00e1rio do ano passado, o governo j\u00e1 incluiu na Lei Or\u00e7ament\u00e1ria uma reserva R$ 9 bilh\u00f5es para honrar essas despesas. Com essa reserva, a \u00e1rea econ\u00f4mica ganha tempo at\u00e9 decidir se vai repassar ou n\u00e3o parte desse custo para a tarifa.<\/p>\n<p>Fonte: Estad\u00e3o Conte\u00fado \/ Exame online<\/p>\n","protected":false},"excerpt":{"rendered":"<p>Ministro da Fazenda disse que o aumento &#8220;\u00e9 uma esp\u00e9cie de reserva \u00a0que o governo pode ter para ser usada&#8221; Para evitar uma frustra\u00e7\u00e3o da&#8230;<\/p>\n","protected":false},"author":1182,"featured_media":3774,"comment_status":"closed","ping_status":"closed","sticky":false,"template":"","format":"standard","meta":{"footnotes":""},"categories":[6],"tags":[405,540,542,539,417,541],"class_list":["post-3773","post","type-post","status-publish","format-standard","has-post-thumbnail","hentry","category-noticias","tag-aumento","tag-fazenda","tag-m-impostos","tag-mantega","tag-ministro","tag-reserva"],"_links":{"self":[{"href":"https:\/\/www.sincomam.org.br\/index.php\/wp-json\/wp\/v2\/posts\/3773","targetHints":{"allow":["GET"]}}],"collection":[{"href":"https:\/\/www.sincomam.org.br\/index.php\/wp-json\/wp\/v2\/posts"}],"about":[{"href":"https:\/\/www.sincomam.org.br\/index.php\/wp-json\/wp\/v2\/types\/post"}],"author":[{"embeddable":true,"href":"https:\/\/www.sincomam.org.br\/index.php\/wp-json\/wp\/v2\/users\/1182"}],"replies":[{"embeddable":true,"href":"https:\/\/www.sincomam.org.br\/index.php\/wp-json\/wp\/v2\/comments?post=3773"}],"version-history":[{"count":1,"href":"https:\/\/www.sincomam.org.br\/index.php\/wp-json\/wp\/v2\/posts\/3773\/revisions"}],"predecessor-version":[{"id":3775,"href":"https:\/\/www.sincomam.org.br\/index.php\/wp-json\/wp\/v2\/posts\/3773\/revisions\/3775"}],"wp:featuredmedia":[{"embeddable":true,"href":"https:\/\/www.sincomam.org.br\/index.php\/wp-json\/wp\/v2\/media\/3774"}],"wp:attachment":[{"href":"https:\/\/www.sincomam.org.br\/index.php\/wp-json\/wp\/v2\/media?parent=3773"}],"wp:term":[{"taxonomy":"category","embeddable":true,"href":"https:\/\/www.sincomam.org.br\/index.php\/wp-json\/wp\/v2\/categories?post=3773"},{"taxonomy":"post_tag","embeddable":true,"href":"https:\/\/www.sincomam.org.br\/index.php\/wp-json\/wp\/v2\/tags?post=3773"}],"curies":[{"name":"wp","href":"https:\/\/api.w.org\/{rel}","templated":true}]}}