{"id":37726,"date":"2022-02-02T10:11:41","date_gmt":"2022-02-02T13:11:41","guid":{"rendered":"http:\/\/www.sincomam.org.br\/?p=37726"},"modified":"2022-02-02T10:11:41","modified_gmt":"2022-02-02T13:11:41","slug":"governo-apresenta-calendario-para-recebimento-do-auxilio-brasil","status":"publish","type":"post","link":"https:\/\/www.sincomam.org.br\/index.php\/governo-apresenta-calendario-para-recebimento-do-auxilio-brasil\/","title":{"rendered":"Governo apresenta calend\u00e1rio para recebimento do Aux\u00edlio Brasil"},"content":{"rendered":"<p>Instru\u00e7\u00e3o normativa publicada no Di\u00e1rio Oficial da Uni\u00e3o de hoje (2) estabelece o calend\u00e1rio operacional para a gest\u00e3o das exig\u00eancias de sa\u00fade e de educa\u00e7\u00e3o, visando o recebimento dos benef\u00edcios do Programa Aux\u00edlio Brasil. A instru\u00e7\u00e3o n\u00famero 10 apresenta tamb\u00e9m o calend\u00e1rio relativo \u00e0s aplica\u00e7\u00f5es de efeitos decorrentes do descumprimento dessas condicionalidades, e relativo ao registro e avalia\u00e7\u00e3o de recursos administrativos contra esses efeitos.<\/p>\n<p><strong>Sa\u00fade<\/strong><br \/>\nCom rela\u00e7\u00e3o ao acompanhamento das condicionalidades de sa\u00fade, h\u00e1 dois per\u00edodos de vig\u00eancia previstos para o acompanhamento. O primeiro (de janeiro a junho) estar\u00e1 aberto para a coleta no per\u00edodo entre 1\u00ba de janeiro e 30 de junho de 2022. O sistema para registros ficar\u00e1 dispon\u00edvel entre 14 de fevereiro e 4 de julho de 2022.<\/p>\n<p>O segundo per\u00edodo de vig\u00eancia estar\u00e1 aberto para coleta entre 1\u00ba de julho e 31 de dezembro de 2022. Os registros no sistema dever\u00e3o ser feitos entre 8 de agosto de 2022 e 2 de janeiro de 2023.<\/p>\n<p><strong>Educa\u00e7\u00e3o<\/strong><br \/>\nA instru\u00e7\u00e3o normativa apresenta tamb\u00e9m o per\u00edodo de coleta e registro no Sistema Presen\u00e7a do Minist\u00e9rio da Educa\u00e7\u00e3o (MEC). Est\u00e3o previstos cinco per\u00edodos de acompanhamento entre mar\u00e7o e novembro. O primeiro deles (fevereiro\/mar\u00e7o) ter\u00e1 in\u00edcio em 14 de mar\u00e7o, com a abertura do sistema para impress\u00e3o dos formul\u00e1rios. O registro no sistema, relativo a este primeiro per\u00edodo, dever\u00e1 ser feito entre os dias 1\u00ba e 27 de abril de 2022.<\/p>\n<p>O Anexo 2 da Instru\u00e7\u00e3o Normativa apresenta os prazos dos outros quatro per\u00edodos de acompanhamento. O \u00faltimo deles (outubro\/novembro) ter\u00e1 o sistema encerrado em 22 de dezembro de 2022. Os formul\u00e1rios do \u00faltimo per\u00edodo estar\u00e3o dispon\u00edveis em 14 de novembro.<\/p>\n<p>O Minist\u00e9rio da Cidadania alerta que as datas apresentadas na Instru\u00e7\u00e3o Normativa \u201cpoder\u00e3o sofrer altera\u00e7\u00f5es em decorr\u00eancia da situa\u00e7\u00e3o de pandemia provocada pela covid-19\u201d. Nesse sentido, \u00e9 importante que o benefici\u00e1rio esteja sempre acompanhando eventuais atualiza\u00e7\u00f5es dos calend\u00e1rios.<\/p>\n<p>Fonte: Ag\u00eancia Brasil<\/p>\n","protected":false},"excerpt":{"rendered":"<p>Instru\u00e7\u00e3o normativa publicada no Di\u00e1rio Oficial da Uni\u00e3o de hoje (2) estabelece o calend\u00e1rio operacional para a gest\u00e3o das exig\u00eancias de sa\u00fade e de educa\u00e7\u00e3o,&#8230;<\/p>\n","protected":false},"author":1527,"featured_media":17885,"comment_status":"closed","ping_status":"closed","sticky":false,"template":"","format":"standard","meta":{"footnotes":""},"categories":[6],"tags":[],"class_list":["post-37726","post","type-post","status-publish","format-standard","has-post-thumbnail","hentry","category-noticias"],"_links":{"self":[{"href":"https:\/\/www.sincomam.org.br\/index.php\/wp-json\/wp\/v2\/posts\/37726","targetHints":{"allow":["GET"]}}],"collection":[{"href":"https:\/\/www.sincomam.org.br\/index.php\/wp-json\/wp\/v2\/posts"}],"about":[{"href":"https:\/\/www.sincomam.org.br\/index.php\/wp-json\/wp\/v2\/types\/post"}],"author":[{"embeddable":true,"href":"https:\/\/www.sincomam.org.br\/index.php\/wp-json\/wp\/v2\/users\/1527"}],"replies":[{"embeddable":true,"href":"https:\/\/www.sincomam.org.br\/index.php\/wp-json\/wp\/v2\/comments?post=37726"}],"version-history":[{"count":1,"href":"https:\/\/www.sincomam.org.br\/index.php\/wp-json\/wp\/v2\/posts\/37726\/revisions"}],"predecessor-version":[{"id":37727,"href":"https:\/\/www.sincomam.org.br\/index.php\/wp-json\/wp\/v2\/posts\/37726\/revisions\/37727"}],"wp:featuredmedia":[{"embeddable":true,"href":"https:\/\/www.sincomam.org.br\/index.php\/wp-json\/wp\/v2\/media\/17885"}],"wp:attachment":[{"href":"https:\/\/www.sincomam.org.br\/index.php\/wp-json\/wp\/v2\/media?parent=37726"}],"wp:term":[{"taxonomy":"category","embeddable":true,"href":"https:\/\/www.sincomam.org.br\/index.php\/wp-json\/wp\/v2\/categories?post=37726"},{"taxonomy":"post_tag","embeddable":true,"href":"https:\/\/www.sincomam.org.br\/index.php\/wp-json\/wp\/v2\/tags?post=37726"}],"curies":[{"name":"wp","href":"https:\/\/api.w.org\/{rel}","templated":true}]}}