{"id":37719,"date":"2022-02-01T08:30:54","date_gmt":"2022-02-01T11:30:54","guid":{"rendered":"http:\/\/www.sincomam.org.br\/?p=37719"},"modified":"2022-02-01T00:21:19","modified_gmt":"2022-02-01T03:21:19","slug":"carnaval-e-feriado-ponto-facultativo-ou-dia-util-veja-a-situacao-nas-capitais","status":"publish","type":"post","link":"https:\/\/www.sincomam.org.br\/index.php\/carnaval-e-feriado-ponto-facultativo-ou-dia-util-veja-a-situacao-nas-capitais\/","title":{"rendered":"Carnaval \u00e9 feriado, ponto facultativo ou dia \u00fatil? Veja a situa\u00e7\u00e3o nas capitais"},"content":{"rendered":"<p>Por todo o pa\u00eds, os desfiles, blocos e festas foram suspensos para combater a dissemina\u00e7\u00e3o da Covid-19. Com isso, a pergunta que todos est\u00e3o fazendo \u00e9: e o feriado? Apesar de o carnaval n\u00e3o ser um feriado nacional, alguns estados e cidades declaram feriados locais ou ponto facultativo.<\/p>\n<p>E este ano n\u00e3o ser\u00e1 diferente. Enquanto a maioria das capitais ainda estuda o que ser\u00e1 definido, cidades como o Rio de Janeiro e Bras\u00edlia j\u00e1 anunciaram que os dias em que haveria festa ser\u00e1 ponto facultativo. Em Belo Horizonte, por exemplo, n\u00e3o haver\u00e1 ponto facultativo. (Veja lista abaixo)<\/p>\n<p>Em 2022, a ter\u00e7a-feira de carnaval ser\u00e1 no dia 1\u00ba de mar\u00e7o. Muitas cidades definem ponto facultativo na segunda-feira anterior (28 de fevereiro) e na quarta-feira de cinzas (2 de mar\u00e7o).<\/p>\n<p>Contudo, com o avan\u00e7o da variante \u00f4micron, muitas cidades e estados suspenderam o dia de folga junto com as festas. Sendo assim, nessas cidades, as empresas devem manter os dias de trabalho normais.<\/p>\n<p>Ainda n\u00e3o ser\u00e1 desta vez que a folia ser\u00e1 aproveitada no formato tradicional. Desde que a OMS declarou a pandemia da Covid-19, em 11 de mar\u00e7o de 2020, esse \u00e9 o segundo ano consecutivo em que o carnaval \u00e9 afetado pela doen\u00e7a.<\/p>\n<p><strong>Veja abaixo como ficar\u00e3o os dias de carnaval nas capitais brasileiras:<br \/>\nRegi\u00e3o Norte<\/strong><br \/>\nBel\u00e9m (PA): prefeitura ainda n\u00e3o definiu feriado ou ponto facultativo<br \/>\nBoa Vista (RR): ponto facultativo de segunda (28) a quarta (2) at\u00e9 as 14 horas<br \/>\nMacap\u00e1 (AP): novo decreto do governo estadual est\u00e1 previsto para essa segunda (31)<br \/>\nManaus (AM): feriado na ter\u00e7a (1\u00ba) e ponto facultativo na segunda (28) e na quarta (2)<br \/>\nPalmas (TO): prefeitura ainda n\u00e3o definiu feriado ou ponto facultativo<br \/>\nPorto Velho (RO): ponto facultativo de segunda (28) a quarta (2)<br \/>\nRio Branco (AC): ponto facultativo de segunda (28) a quarta (2)<\/p>\n<p><strong>Regi\u00e3o Nordeste<\/strong><br \/>\nAracaju (SE): prefeitura ainda n\u00e3o definiu feriado ou ponto facultativo<br \/>\nFortaleza (CE): prefeitura ainda n\u00e3o definiu feriado ou ponto facultativo<br \/>\nJo\u00e3o Pessoa (PB): prefeitura ainda n\u00e3o definiu feriado ou ponto facultativo<br \/>\nMacei\u00f3 (AL): ponto facultativo de segunda (28) a quarta (2)<br \/>\nNatal (RN): ponto facultativo de segunda (28) a quarta (2)<br \/>\nRecife (PE): prefeitura ainda n\u00e3o definiu feriado ou ponto facultativo<br \/>\nSalvador (BA): ser\u00e1 dia \u00fatil<br \/>\nS\u00e3o Lu\u00eds (MA): prefeitura ainda n\u00e3o definiu feriado ou ponto facultativo<br \/>\nTeresina (PI): prefeitura ainda n\u00e3o definiu feriado ou ponto facultativo<\/p>\n<p><strong>Regi\u00e3o Centro-Oeste<\/strong><br \/>\nBras\u00edlia (DF): ponto facultativo de segunda (28) at\u00e9 14h de quarta (2)<br \/>\nCampo Grande (MS): prefeitura ainda n\u00e3o definiu feriado ou ponto facultativo<br \/>\nCuiab\u00e1 (MT): ponto facultativo de segunda (28) a ter\u00e7a (1\u00ba)<br \/>\nGoi\u00e2nia (GO): prefeitura ainda n\u00e3o definiu feriado ou ponto facultativo<\/p>\n<p><strong>Regi\u00e3o Sudeste<\/strong><br \/>\nBelo Horizonte (MG): prefeitura informou que n\u00e3o haver\u00e1 ponto facultativo<br \/>\nRio de Janeiro (RJ): feriado na ter\u00e7a (1\u00ba) e ponto facultativo na segunda (28) e na quarta (2)<br \/>\nS\u00e3o Paulo (SP): ponto facultativo de segunda (28) a quarta (2) ao meio-dia<br \/>\nVit\u00f3ria (ES): prefeitura ainda n\u00e3o definiu feriado ou ponto facultativo<\/p>\n<p><strong>Regi\u00e3o Sul<\/strong><br \/>\nCuritiba (PR): prefeitura ainda n\u00e3o definiu feriado ou ponto facultativo<br \/>\nFlorian\u00f3polis (SC): prefeitura ainda n\u00e3o definiu feriado ou ponto facultativo<br \/>\nPorto Alegre (RS): prefeitura ainda n\u00e3o definiu feriado ou ponto facultativo<\/p>\n<p>Fonte: G1<\/p>\n","protected":false},"excerpt":{"rendered":"<p>Por todo o pa\u00eds, os desfiles, blocos e festas foram suspensos para combater a dissemina\u00e7\u00e3o da Covid-19. Com isso, a pergunta que todos est\u00e3o fazendo&#8230;<\/p>\n","protected":false},"author":1527,"featured_media":3927,"comment_status":"closed","ping_status":"closed","sticky":false,"template":"","format":"standard","meta":{"footnotes":""},"categories":[6],"tags":[],"class_list":["post-37719","post","type-post","status-publish","format-standard","has-post-thumbnail","hentry","category-noticias"],"_links":{"self":[{"href":"https:\/\/www.sincomam.org.br\/index.php\/wp-json\/wp\/v2\/posts\/37719","targetHints":{"allow":["GET"]}}],"collection":[{"href":"https:\/\/www.sincomam.org.br\/index.php\/wp-json\/wp\/v2\/posts"}],"about":[{"href":"https:\/\/www.sincomam.org.br\/index.php\/wp-json\/wp\/v2\/types\/post"}],"author":[{"embeddable":true,"href":"https:\/\/www.sincomam.org.br\/index.php\/wp-json\/wp\/v2\/users\/1527"}],"replies":[{"embeddable":true,"href":"https:\/\/www.sincomam.org.br\/index.php\/wp-json\/wp\/v2\/comments?post=37719"}],"version-history":[{"count":1,"href":"https:\/\/www.sincomam.org.br\/index.php\/wp-json\/wp\/v2\/posts\/37719\/revisions"}],"predecessor-version":[{"id":37720,"href":"https:\/\/www.sincomam.org.br\/index.php\/wp-json\/wp\/v2\/posts\/37719\/revisions\/37720"}],"wp:featuredmedia":[{"embeddable":true,"href":"https:\/\/www.sincomam.org.br\/index.php\/wp-json\/wp\/v2\/media\/3927"}],"wp:attachment":[{"href":"https:\/\/www.sincomam.org.br\/index.php\/wp-json\/wp\/v2\/media?parent=37719"}],"wp:term":[{"taxonomy":"category","embeddable":true,"href":"https:\/\/www.sincomam.org.br\/index.php\/wp-json\/wp\/v2\/categories?post=37719"},{"taxonomy":"post_tag","embeddable":true,"href":"https:\/\/www.sincomam.org.br\/index.php\/wp-json\/wp\/v2\/tags?post=37719"}],"curies":[{"name":"wp","href":"https:\/\/api.w.org\/{rel}","templated":true}]}}