{"id":37713,"date":"2022-02-01T08:30:35","date_gmt":"2022-02-01T11:30:35","guid":{"rendered":"http:\/\/www.sincomam.org.br\/?p=37713"},"modified":"2022-02-01T00:14:44","modified_gmt":"2022-02-01T03:14:44","slug":"projeto-proibe-empresas-de-alterar-enquadramento-sindical-de-empregados-para-vencer-licitacao","status":"publish","type":"post","link":"https:\/\/www.sincomam.org.br\/index.php\/projeto-proibe-empresas-de-alterar-enquadramento-sindical-de-empregados-para-vencer-licitacao\/","title":{"rendered":"Projeto pro\u00edbe empresas de alterar enquadramento sindical de empregados para vencer licita\u00e7\u00e3o"},"content":{"rendered":"<p>O Projeto de Lei 3128\/21 pro\u00edbe empregadores de alterarem o enquadramento sindical de empregados com o objetivo reduzir custos e vencer licita\u00e7\u00f5es para a presta\u00e7\u00e3o de servi\u00e7os terceirizados. O texto, que altera a Consolida\u00e7\u00e3o das Leis do Trabalho (CLT), tramita na C\u00e2mara dos Deputados. A proposta estabelece ainda que a empresa contratante responder\u00e1 solidariamente com a prestadora de servi\u00e7os pelo preju\u00edzos causados aos empregados.<\/p>\n<p>Autora do projeto, a deputada Erika Kokay (PT-DF) informa que, em janeiro de 2021, copeiros, gar\u00e7ons e funcion\u00e1rios da portaria da Caixa Econ\u00f4mica Federal, em Bras\u00edlia, antes vinculados ao Sindicato dos Empregados em Empresas de Asseio, Conserva\u00e7\u00e3o, Trabalho Tempor\u00e1rio, Presta\u00e7\u00e3o de Servi\u00e7os e Servi\u00e7os Terceiriz\u00e1veis do Distrito Federal (Sindeservi\u00e7os), passaram a estar vinculados ao Sindicato da Ind\u00fastria da Constru\u00e7\u00e3o Civil (Sinduscon-DF).<\/p>\n<p>&#8220;A conven\u00e7\u00e3o coletiva do Sinduscon possui valores de sal\u00e1rios e de benef\u00edcios bem mais baixos, representando perdas significativas aos(\u00e0s) empregados(as). O sal\u00e1rio de gar\u00e7ons e trabalhadores da recep\u00e7\u00e3o e manuten\u00e7\u00e3o, por exemplo, caiu de R$ 1.901,53 para R$ 1.738,00 e o vale-alimenta\u00e7\u00e3o passou de R$ 35,00 para R$ 20,84. Al\u00e9m disso, os trabalhadores perderam o direito a plano de sa\u00fade e plano odontol\u00f3gico. O mesmo aconteceu com outras categorias\u201d, disse a autora.<\/p>\n<p><strong>Tramita\u00e7\u00e3o<\/strong><br \/>\nO projeto ser\u00e1 analisado, em car\u00e1ter conclusivo, pelas comiss\u00f5es de Trabalho, de Administra\u00e7\u00e3o e Servi\u00e7o P\u00fablico; e de Constitui\u00e7\u00e3o e Justi\u00e7a e de Cidadania.<\/p>\n<p>Fonte: Ag\u00eancia C\u00e2mara de Not\u00edcias<\/p>\n","protected":false},"excerpt":{"rendered":"<p>O Projeto de Lei 3128\/21 pro\u00edbe empregadores de alterarem o enquadramento sindical de empregados com o objetivo reduzir custos e vencer licita\u00e7\u00f5es para a presta\u00e7\u00e3o&#8230;<\/p>\n","protected":false},"author":1527,"featured_media":37714,"comment_status":"closed","ping_status":"closed","sticky":false,"template":"","format":"standard","meta":{"footnotes":""},"categories":[6],"tags":[],"class_list":["post-37713","post","type-post","status-publish","format-standard","has-post-thumbnail","hentry","category-noticias"],"_links":{"self":[{"href":"https:\/\/www.sincomam.org.br\/index.php\/wp-json\/wp\/v2\/posts\/37713","targetHints":{"allow":["GET"]}}],"collection":[{"href":"https:\/\/www.sincomam.org.br\/index.php\/wp-json\/wp\/v2\/posts"}],"about":[{"href":"https:\/\/www.sincomam.org.br\/index.php\/wp-json\/wp\/v2\/types\/post"}],"author":[{"embeddable":true,"href":"https:\/\/www.sincomam.org.br\/index.php\/wp-json\/wp\/v2\/users\/1527"}],"replies":[{"embeddable":true,"href":"https:\/\/www.sincomam.org.br\/index.php\/wp-json\/wp\/v2\/comments?post=37713"}],"version-history":[{"count":1,"href":"https:\/\/www.sincomam.org.br\/index.php\/wp-json\/wp\/v2\/posts\/37713\/revisions"}],"predecessor-version":[{"id":37715,"href":"https:\/\/www.sincomam.org.br\/index.php\/wp-json\/wp\/v2\/posts\/37713\/revisions\/37715"}],"wp:featuredmedia":[{"embeddable":true,"href":"https:\/\/www.sincomam.org.br\/index.php\/wp-json\/wp\/v2\/media\/37714"}],"wp:attachment":[{"href":"https:\/\/www.sincomam.org.br\/index.php\/wp-json\/wp\/v2\/media?parent=37713"}],"wp:term":[{"taxonomy":"category","embeddable":true,"href":"https:\/\/www.sincomam.org.br\/index.php\/wp-json\/wp\/v2\/categories?post=37713"},{"taxonomy":"post_tag","embeddable":true,"href":"https:\/\/www.sincomam.org.br\/index.php\/wp-json\/wp\/v2\/tags?post=37713"}],"curies":[{"name":"wp","href":"https:\/\/api.w.org\/{rel}","templated":true}]}}