{"id":37708,"date":"2022-02-01T08:30:36","date_gmt":"2022-02-01T11:30:36","guid":{"rendered":"http:\/\/www.sincomam.org.br\/?p=37708"},"modified":"2022-02-01T00:10:36","modified_gmt":"2022-02-01T03:10:36","slug":"docas-do-rio-anuncia-venda-de-imovel-da-antiga-sede-administrativa","status":"publish","type":"post","link":"https:\/\/www.sincomam.org.br\/index.php\/docas-do-rio-anuncia-venda-de-imovel-da-antiga-sede-administrativa\/","title":{"rendered":"Docas do Rio anuncia venda de im\u00f3vel da antiga sede administrativa"},"content":{"rendered":"<p>A Companhia Docas do Rio de Janeiro (CDRJ), que administra os Portos do Rio de Janeiro, Itagua\u00ed, Niter\u00f3i e Angra dos Reis, colocou \u00e0 venda o edif\u00edcio que abrigou a sede da empresa.<\/p>\n<p>Localizado na regi\u00e3o mais valorizada do Centro do Rio de Janeiro, a poucos metros da Pra\u00e7a Mau\u00e1, o im\u00f3vel possui 5.628,84m\u00b2 de \u00e1rea constru\u00edda e valor estimado de R$ 28,4 milh\u00f5es.<\/p>\n<p>O pr\u00e9dio de 12 andares, situado na Rua Acre, n\u00ba 21, teve sua venda anunciada pela autoridade portu\u00e1ria, recentemente, depois de conclu\u00edda a mudan\u00e7a dos setores administrativos para a sede provis\u00f3ria na Rua Dom Gerardo.<\/p>\n","protected":false},"excerpt":{"rendered":"<p>A Companhia Docas do Rio de Janeiro (CDRJ), que administra os Portos do Rio de Janeiro, Itagua\u00ed, Niter\u00f3i e Angra dos Reis, colocou \u00e0 venda&#8230;<\/p>\n","protected":false},"author":1527,"featured_media":37709,"comment_status":"closed","ping_status":"closed","sticky":false,"template":"","format":"standard","meta":{"footnotes":""},"categories":[6],"tags":[],"class_list":["post-37708","post","type-post","status-publish","format-standard","has-post-thumbnail","hentry","category-noticias"],"_links":{"self":[{"href":"https:\/\/www.sincomam.org.br\/index.php\/wp-json\/wp\/v2\/posts\/37708","targetHints":{"allow":["GET"]}}],"collection":[{"href":"https:\/\/www.sincomam.org.br\/index.php\/wp-json\/wp\/v2\/posts"}],"about":[{"href":"https:\/\/www.sincomam.org.br\/index.php\/wp-json\/wp\/v2\/types\/post"}],"author":[{"embeddable":true,"href":"https:\/\/www.sincomam.org.br\/index.php\/wp-json\/wp\/v2\/users\/1527"}],"replies":[{"embeddable":true,"href":"https:\/\/www.sincomam.org.br\/index.php\/wp-json\/wp\/v2\/comments?post=37708"}],"version-history":[{"count":1,"href":"https:\/\/www.sincomam.org.br\/index.php\/wp-json\/wp\/v2\/posts\/37708\/revisions"}],"predecessor-version":[{"id":37710,"href":"https:\/\/www.sincomam.org.br\/index.php\/wp-json\/wp\/v2\/posts\/37708\/revisions\/37710"}],"wp:featuredmedia":[{"embeddable":true,"href":"https:\/\/www.sincomam.org.br\/index.php\/wp-json\/wp\/v2\/media\/37709"}],"wp:attachment":[{"href":"https:\/\/www.sincomam.org.br\/index.php\/wp-json\/wp\/v2\/media?parent=37708"}],"wp:term":[{"taxonomy":"category","embeddable":true,"href":"https:\/\/www.sincomam.org.br\/index.php\/wp-json\/wp\/v2\/categories?post=37708"},{"taxonomy":"post_tag","embeddable":true,"href":"https:\/\/www.sincomam.org.br\/index.php\/wp-json\/wp\/v2\/tags?post=37708"}],"curies":[{"name":"wp","href":"https:\/\/api.w.org\/{rel}","templated":true}]}}