{"id":37691,"date":"2022-01-31T08:48:43","date_gmt":"2022-01-31T11:48:43","guid":{"rendered":"http:\/\/www.sincomam.org.br\/?p=37691"},"modified":"2022-01-31T00:56:30","modified_gmt":"2022-01-31T03:56:30","slug":"pis-r-208-milhoes-estao-esquecidos-no-banco-e-podem-ser-sacados","status":"publish","type":"post","link":"https:\/\/www.sincomam.org.br\/index.php\/pis-r-208-milhoes-estao-esquecidos-no-banco-e-podem-ser-sacados\/","title":{"rendered":"PIS: R$ 208 milh\u00f5es est\u00e3o \u2018esquecidos\u2019 no banco e podem ser sacados"},"content":{"rendered":"<p>O PIS\/Pasep come\u00e7ar\u00e1 a ser pago aos trabalhadores com carteira assinada a partir do pr\u00f3ximo dia 8, j\u00e1 os servidores p\u00fablicos v\u00e3o poder sacar o dinheiro a partir do dia 15 de fevereiro.<\/p>\n<p>Segundo a Caixa Econ\u00f4mica Federal, milhares de trabalhadores deixaram de sacar o abono referente ao ano-base 2019, o dinheiro ficou \u2018esquecido\u2019 no banco. No total ter\u00e3o direito de retirar o valor 320 mil pessoas.<\/p>\n<p>O valor \u2018esquecido\u2019 chega a um total de R$ 208 milh\u00f5es referente ao Programa de Integra\u00e7\u00e3o Social (PIS) e ao Programa de Forma\u00e7\u00e3o do Patrim\u00f4nio do Servidor P\u00fablico (Pasep).<\/p>\n<p>O trabalhador com carteira assinada poder\u00e1 sacar a partir do dia 8 de fevereiro e ter\u00e1 at\u00e9 o dia 31 de mar\u00e7o para retirar o dinheiro na Caixa Econ\u00f4mica Federal. J\u00e1 o funcion\u00e1rio p\u00fablico, o pagamento do Pasep come\u00e7a no dia 15 de fevereiro e o servidor ter\u00e1 at\u00e9 o dia 24 de mar\u00e7o para retirar o valor no Banco do Brasil.<\/p>\n<p>Os trabalhadores poder\u00e3o receber o valor de um sal\u00e1rio m\u00ednimo (R$ 1.212) caso tenha trabalhado por 12 meses seguidos no ano de 2019. Quem trabalhou apenas 30 dias, ter\u00e1 direito de retirar R$ 101,00.<\/p>\n<p>Esquecer de retirar o abono salarial \u00e9 mais comum do que voc\u00ea pensa, segundo informa\u00e7\u00f5es das institui\u00e7\u00f5es financeiras. Isso porque muitas pessoas t\u00eam o direito de sacar o abono e n\u00e3o sabem.<\/p>\n<p><strong>Quem tem direito ao PIS\/Pasep?<\/strong><br \/>\nTer\u00e1 direito de sacar o abono salarial PIS\/Pasep as pessoas que estiverem cumprindo as regras exigidas.<br \/>\nO trabalhador que ganhou, no m\u00e1ximo, dois sal\u00e1rios m\u00ednimos por m\u00eas;<br \/>\nInscritos no PIS\/Pasep h\u00e1 pelo menos cinco anos;<br \/>\nTrabalharam de carteira assinada por, pelo menos, 30 dias no ano anterior;<br \/>\nTamb\u00e9m \u00e9 preciso que a empresa onde trabalhava tenha informado os dados corretamente ao governo.<\/p>\n<p><strong>Como consultar?<\/strong><br \/>\nPara o trabalhador saber se esqueceu de sacar o PIS 2019 pode acessar<br \/>\naplicativo Caixa Trabalhador<br \/>\nSite da Caixa \u2013 www.caixa.gov.br\/pis<br \/>\nPelo telefone de atendimento da Caixa 0800 726 6207<br \/>\nO servidor p\u00fablico poder\u00e1 consultar o Pasep<br \/>\nPelos telefones da central de atendimento do Banco do Brasil:<br \/>\n4004-0001 (capitais e regi\u00f5es metropolitanas)<br \/>\n0800 729 0001 (demais cidades)<br \/>\n0800 729 0088 (deficientes auditivos).<\/p>\n","protected":false},"excerpt":{"rendered":"<p>O PIS\/Pasep come\u00e7ar\u00e1 a ser pago aos trabalhadores com carteira assinada a partir do pr\u00f3ximo dia 8, j\u00e1 os servidores p\u00fablicos v\u00e3o poder sacar o&#8230;<\/p>\n","protected":false},"author":1527,"featured_media":18209,"comment_status":"closed","ping_status":"closed","sticky":false,"template":"","format":"standard","meta":{"footnotes":""},"categories":[1],"tags":[],"class_list":["post-37691","post","type-post","status-publish","format-standard","has-post-thumbnail","hentry","category-sem-categoria"],"_links":{"self":[{"href":"https:\/\/www.sincomam.org.br\/index.php\/wp-json\/wp\/v2\/posts\/37691","targetHints":{"allow":["GET"]}}],"collection":[{"href":"https:\/\/www.sincomam.org.br\/index.php\/wp-json\/wp\/v2\/posts"}],"about":[{"href":"https:\/\/www.sincomam.org.br\/index.php\/wp-json\/wp\/v2\/types\/post"}],"author":[{"embeddable":true,"href":"https:\/\/www.sincomam.org.br\/index.php\/wp-json\/wp\/v2\/users\/1527"}],"replies":[{"embeddable":true,"href":"https:\/\/www.sincomam.org.br\/index.php\/wp-json\/wp\/v2\/comments?post=37691"}],"version-history":[{"count":1,"href":"https:\/\/www.sincomam.org.br\/index.php\/wp-json\/wp\/v2\/posts\/37691\/revisions"}],"predecessor-version":[{"id":37694,"href":"https:\/\/www.sincomam.org.br\/index.php\/wp-json\/wp\/v2\/posts\/37691\/revisions\/37694"}],"wp:featuredmedia":[{"embeddable":true,"href":"https:\/\/www.sincomam.org.br\/index.php\/wp-json\/wp\/v2\/media\/18209"}],"wp:attachment":[{"href":"https:\/\/www.sincomam.org.br\/index.php\/wp-json\/wp\/v2\/media?parent=37691"}],"wp:term":[{"taxonomy":"category","embeddable":true,"href":"https:\/\/www.sincomam.org.br\/index.php\/wp-json\/wp\/v2\/categories?post=37691"},{"taxonomy":"post_tag","embeddable":true,"href":"https:\/\/www.sincomam.org.br\/index.php\/wp-json\/wp\/v2\/tags?post=37691"}],"curies":[{"name":"wp","href":"https:\/\/api.w.org\/{rel}","templated":true}]}}