{"id":37689,"date":"2022-01-31T08:37:41","date_gmt":"2022-01-31T11:37:41","guid":{"rendered":"http:\/\/www.sincomam.org.br\/?p=37689"},"modified":"2022-01-31T00:44:07","modified_gmt":"2022-01-31T03:44:07","slug":"peritos-medicos-do-inss-vao-parar-na-segunda-feira","status":"publish","type":"post","link":"https:\/\/www.sincomam.org.br\/index.php\/peritos-medicos-do-inss-vao-parar-na-segunda-feira\/","title":{"rendered":"Peritos m\u00e9dicos do INSS v\u00e3o parar na segunda-feira"},"content":{"rendered":"<p>Os peritos m\u00e9dicos do INSS (Instituto Nacional do Seguro Social) anunciaram que ir\u00e3o paralisar os trabalhos nesta segunda-feira (31). O motivo \u00e9 a falta de reajuste salarial.<\/p>\n<p>A recomposi\u00e7\u00e3o salarial exigida pela categoria \u00e9 de quase 20%, relativa \u00e0s perdas de 2019 a 2022. O ministro Onyx Lorenzoni recebeu um of\u00edcio enviado pela Associa\u00e7\u00e3o Nacional dos Peritos M\u00e9dicos Federais demonstrando insatisfa\u00e7\u00e3o por promessas que n\u00e3o foram cumpridas. <\/p>\n<p>\u201cApesar das promessas feitas pelo Ministro de Estado, nenhuma a\u00e7\u00e3o foi tomada pela autoridade m\u00e1xima do \u00f3rg\u00e3o e a situa\u00e7\u00e3o ca\u00f3tica que assolava a categoria n\u00e3o apenas se manteve, como foi profundamente agravada\u201d.<\/p>\n<p>Os peritos tamb\u00e9m querem melhorias nas condi\u00e7\u00f5es de trabalho, como limitar a 12 o n\u00famero de atendimento presenciais di\u00e1rios. Segundo o INSS, existem atualmente no pa\u00eds, 5 mil m\u00e9dicos peritos para avalia\u00e7\u00e3o que podem justificar a concess\u00e3o de benef\u00edcios previdenci\u00e1rios.<\/p>\n<p>O Minist\u00e9rio do Trabalho n\u00e3o comentou nada sobre a paralisa\u00e7\u00e3o que vai acontecer na pr\u00f3xima segunda-feira.<\/p>\n<p>A Uni\u00e3o reservou R$ 1,7 bilh\u00e3o no Or\u00e7amento de 2022, no entanto, n\u00e3o informou quais as categorias que ser\u00e3o contempladas. Por\u00e9m, o presidente Jair Bolsonaro fez uma promessa em reajustar o sal\u00e1rio dos policiais federais.<\/p>\n<p>Segundo o INSS, neste ano, o limite administrativo de 45 dias, ser\u00e1 de at\u00e9 90 dias para boa parte dos benef\u00edcios. Na verdade houve uma amplia\u00e7\u00e3o no tempo de an\u00e1lise para quase todos os benef\u00edcios. Antes, estava previsto um  limite m\u00e1ximo de 45 dias para a an\u00e1lise de todos os benef\u00edcios. Mas o Instituto n\u00e3o estava cumprindo o prazo de limite.<\/p>\n<p>Fonte: Jornal Contabil<\/p>\n","protected":false},"excerpt":{"rendered":"<p>Os peritos m\u00e9dicos do INSS (Instituto Nacional do Seguro Social) anunciaram que ir\u00e3o paralisar os trabalhos nesta segunda-feira (31). O motivo \u00e9 a falta de&#8230;<\/p>\n","protected":false},"author":1527,"featured_media":31792,"comment_status":"closed","ping_status":"closed","sticky":false,"template":"","format":"standard","meta":{"footnotes":""},"categories":[6],"tags":[],"class_list":["post-37689","post","type-post","status-publish","format-standard","has-post-thumbnail","hentry","category-noticias"],"_links":{"self":[{"href":"https:\/\/www.sincomam.org.br\/index.php\/wp-json\/wp\/v2\/posts\/37689","targetHints":{"allow":["GET"]}}],"collection":[{"href":"https:\/\/www.sincomam.org.br\/index.php\/wp-json\/wp\/v2\/posts"}],"about":[{"href":"https:\/\/www.sincomam.org.br\/index.php\/wp-json\/wp\/v2\/types\/post"}],"author":[{"embeddable":true,"href":"https:\/\/www.sincomam.org.br\/index.php\/wp-json\/wp\/v2\/users\/1527"}],"replies":[{"embeddable":true,"href":"https:\/\/www.sincomam.org.br\/index.php\/wp-json\/wp\/v2\/comments?post=37689"}],"version-history":[{"count":1,"href":"https:\/\/www.sincomam.org.br\/index.php\/wp-json\/wp\/v2\/posts\/37689\/revisions"}],"predecessor-version":[{"id":37690,"href":"https:\/\/www.sincomam.org.br\/index.php\/wp-json\/wp\/v2\/posts\/37689\/revisions\/37690"}],"wp:featuredmedia":[{"embeddable":true,"href":"https:\/\/www.sincomam.org.br\/index.php\/wp-json\/wp\/v2\/media\/31792"}],"wp:attachment":[{"href":"https:\/\/www.sincomam.org.br\/index.php\/wp-json\/wp\/v2\/media?parent=37689"}],"wp:term":[{"taxonomy":"category","embeddable":true,"href":"https:\/\/www.sincomam.org.br\/index.php\/wp-json\/wp\/v2\/categories?post=37689"},{"taxonomy":"post_tag","embeddable":true,"href":"https:\/\/www.sincomam.org.br\/index.php\/wp-json\/wp\/v2\/tags?post=37689"}],"curies":[{"name":"wp","href":"https:\/\/api.w.org\/{rel}","templated":true}]}}