{"id":37669,"date":"2022-01-28T10:26:46","date_gmt":"2022-01-28T13:26:46","guid":{"rendered":"http:\/\/www.sincomam.org.br\/?p=37669"},"modified":"2022-01-28T10:26:46","modified_gmt":"2022-01-28T13:26:46","slug":"projecao-para-safra-e-exportacao-de-soja-do-brasil-recua-por-causa-da-seca-diz-associacao-do-setor","status":"publish","type":"post","link":"https:\/\/www.sincomam.org.br\/index.php\/projecao-para-safra-e-exportacao-de-soja-do-brasil-recua-por-causa-da-seca-diz-associacao-do-setor\/","title":{"rendered":"Proje\u00e7\u00e3o para safra e exporta\u00e7\u00e3o de soja do Brasil recua por causa da seca, diz associa\u00e7\u00e3o do setor"},"content":{"rendered":"<p>A Associa\u00e7\u00e3o Brasileira das Ind\u00fastrias de \u00d3leos Vegetais (Abiove) reduziu em 4,2 milh\u00f5es de toneladas sua proje\u00e7\u00e3o para a safra de soja do pa\u00eds em 2022, agora estimada em 135,8 milh\u00f5es de toneladas e abaixo do recorde obtido na temporada anterior, em fun\u00e7\u00e3o da seca na regi\u00e3o Sul.<\/p>\n<p>Com isso, a perspectiva de exporta\u00e7\u00e3o tamb\u00e9m diminuiu de 91,1 milh\u00f5es de toneladas para 86,9 milh\u00f5es, conforme levantamento divulgado nesta quinta-feira.<\/p>\n<p>J\u00e1 o esmagamento segue inalterado em 48 milh\u00f5es de toneladas, acompanhado de aumento de 200 mil toneladas da exporta\u00e7\u00e3o projetada para o farelo de soja para 18,3 milh\u00f5es de toneladas, em meio a problemas clim\u00e1ticos no maior fornecedor global do subproduto, a Argentina, e ampla demanda no sudeste asi\u00e1tico.<\/p>\n<p>Fonte: G1<\/p>\n","protected":false},"excerpt":{"rendered":"<p>A Associa\u00e7\u00e3o Brasileira das Ind\u00fastrias de \u00d3leos Vegetais (Abiove) reduziu em 4,2 milh\u00f5es de toneladas sua proje\u00e7\u00e3o para a safra de soja do pa\u00eds em&#8230;<\/p>\n","protected":false},"author":1527,"featured_media":30421,"comment_status":"closed","ping_status":"closed","sticky":false,"template":"","format":"standard","meta":{"footnotes":""},"categories":[6],"tags":[],"class_list":["post-37669","post","type-post","status-publish","format-standard","has-post-thumbnail","hentry","category-noticias"],"_links":{"self":[{"href":"https:\/\/www.sincomam.org.br\/index.php\/wp-json\/wp\/v2\/posts\/37669","targetHints":{"allow":["GET"]}}],"collection":[{"href":"https:\/\/www.sincomam.org.br\/index.php\/wp-json\/wp\/v2\/posts"}],"about":[{"href":"https:\/\/www.sincomam.org.br\/index.php\/wp-json\/wp\/v2\/types\/post"}],"author":[{"embeddable":true,"href":"https:\/\/www.sincomam.org.br\/index.php\/wp-json\/wp\/v2\/users\/1527"}],"replies":[{"embeddable":true,"href":"https:\/\/www.sincomam.org.br\/index.php\/wp-json\/wp\/v2\/comments?post=37669"}],"version-history":[{"count":1,"href":"https:\/\/www.sincomam.org.br\/index.php\/wp-json\/wp\/v2\/posts\/37669\/revisions"}],"predecessor-version":[{"id":37671,"href":"https:\/\/www.sincomam.org.br\/index.php\/wp-json\/wp\/v2\/posts\/37669\/revisions\/37671"}],"wp:featuredmedia":[{"embeddable":true,"href":"https:\/\/www.sincomam.org.br\/index.php\/wp-json\/wp\/v2\/media\/30421"}],"wp:attachment":[{"href":"https:\/\/www.sincomam.org.br\/index.php\/wp-json\/wp\/v2\/media?parent=37669"}],"wp:term":[{"taxonomy":"category","embeddable":true,"href":"https:\/\/www.sincomam.org.br\/index.php\/wp-json\/wp\/v2\/categories?post=37669"},{"taxonomy":"post_tag","embeddable":true,"href":"https:\/\/www.sincomam.org.br\/index.php\/wp-json\/wp\/v2\/tags?post=37669"}],"curies":[{"name":"wp","href":"https:\/\/api.w.org\/{rel}","templated":true}]}}