{"id":37667,"date":"2022-01-28T10:23:12","date_gmt":"2022-01-28T13:23:12","guid":{"rendered":"http:\/\/www.sincomam.org.br\/?p=37667"},"modified":"2022-01-28T10:23:12","modified_gmt":"2022-01-28T13:23:12","slug":"desemprego-cai-para-116-em-novembro-mas-rendimento-real-e-o-menor-da-serie-do-ibge","status":"publish","type":"post","link":"https:\/\/www.sincomam.org.br\/index.php\/desemprego-cai-para-116-em-novembro-mas-rendimento-real-e-o-menor-da-serie-do-ibge\/","title":{"rendered":"Desemprego cai para 11,6% em novembro, mas rendimento real \u00e9 o menor da s\u00e9rie do IBGE"},"content":{"rendered":"<p>A taxa de desemprego no Brasil recuou para11,6% no trimestre encerrado em novembro, mas a falta de trabalho ainda atinge 12,4 milh\u00f5es de brasileiros, informou nesta sexta-feira (28) o Instituto Brasileiro de Geografia e Estat\u00edstica (IBGE).<\/p>\n<p>Trata-se da menor taxa de desemprego desde o trimestre encerrado em janeiro de 2020 (11,4%).<\/p>\n<p>Apesar da queda do desemprego, o rendimento real habitual caiu 4,5% frente ao trimestre anterior, para R$ 2.444 \u2013 o menor rendimento da s\u00e9rie hist\u00f3rica iniciada em 2012.<\/p>\n<p>Os dados fazem parte da Pesquisa Nacional por Amostra de Domic\u00edlios Cont\u00ednua (Pnad). No levantamento anterior, referente ao trimestre encerrado em outubro, a taxa de desemprego estava em 12,1%, atingindo 12,9 milh\u00f5es de pessoas.<\/p>\n<p><strong>Principais destaques da pesquisa<\/strong><br \/>\nTaxa de desemprego recuou para 11,6%<br \/>\nN\u00famero de desempregados caiu para 12,4 milh\u00f5es<br \/>\nRendimento m\u00e9dio real habitual caiu 4,5%, para R$ 2.444, menor taxa da s\u00e9rie do IBGE<br \/>\nPopula\u00e7\u00e3o ocupada cresceu para 94,9 milh\u00f5es de pessoas<br \/>\nPercentual de desalentados recuou para 4,4%<br \/>\nTaxa de informalidade ficou est\u00e1vel em 4,6%<br \/>\nCom\u00e9rcio puxou recupera\u00e7\u00e3o do trabalho no trimestre<br \/>\nProporcionalmente, emprego cresceu mais entre os sem carteira<br \/>\nOcupa\u00e7\u00e3o mostra recupera\u00e7\u00e3o<br \/>\nA popula\u00e7\u00e3o ocupada cresceu 3,5% frente aos tr\u00eas meses anteriores, para 94,9 milh\u00f5es de pessoas. Na compara\u00e7\u00e3o com o mesmo trimestre de 2020, a alta foi de 9,7%. Com o crescimento, o n\u00edvel de ocupa\u00e7\u00e3o chegou a 55,1%.<\/p>\n<p>Na outra ponta, a popula\u00e7\u00e3o desocupada diminuiu 10,6% (menos 1,5 milh\u00e3o de pessoas) frente ao trimestre terminado em agosto, para 12,4 milh\u00f5es de pessoas. Frente ao mesmo trimestre de 2020, s\u00e3o 2,1 milh\u00f5es de desocupados a menos.<\/p>\n<p><strong>Emprego cresce mais entre os sem carteira e informalidade fica est\u00e1vel<\/strong><br \/>\nO recorte por posi\u00e7\u00e3o na ocupa\u00e7\u00e3o mostra a fragilidade da recupera\u00e7\u00e3o do emprego no pa\u00eds. O n\u00famero de empregados sem carteira assinada no setor privado cresceu 7,4% na compara\u00e7\u00e3o com o trimestre anterior, para 12,2 milh\u00f5es de pessoas. J\u00e1 entre os com carteira, a alta foi proporcionalmente menor, de 4%, para 34,2 milh\u00f5es \u2013 embora, em n\u00fameros absolutos, a expans\u00e3o tenha sido maior.<\/p>\n<p>Houve alta ainda de 2,3% entre os trabalhadores por conta pr\u00f3pria, de 2,3% frente ao trimestre anterior,, para 25,8 milh\u00f5es de pessoas, e entre os trabalhadores dom\u00e9sticos, de 6%, para 5,6 milh\u00f5es.<\/p>\n<p><strong>Rendimento tem menor valor da s\u00e9rie<\/strong><br \/>\nA massa de rendimento real habitual (a soma dos rendimentos recebidos por todos os ocupados) ficou est\u00e1vel no trimestre encerrado em novembro, em R$ 227 bilh\u00f5es.<\/p>\n<p>Com o aumento no n\u00famero de ocupados, o dado aponta que os trabalhadores est\u00e3o recebendo menos do que um trimestre antes. De fato, o rendimento real habitual caiu 4,5% frente ao trimestre anterior para R$ 2.444 \u2013 o menor da s\u00e9rie hist\u00f3rica da pesquisa, iniciada em 2012. Frente ao mesmo trimestre de 2020, a queda \u00e9 de 11,4%.<\/p>\n<p>Com\u00e9rcio puxou melhora do mercado de trabalho<br \/>\nSegundo o IBGE a maior parte da expans\u00e3o da ocupa\u00e7\u00e3o na compara\u00e7\u00e3o com o trimestre anterior veio do com\u00e9rcio, com aumento de 4,1%, ou 719 mil pessoas a mais trabalhando no setor.<\/p>\n<p>J\u00e1 a ind\u00fastria teve crescimento de 3,7%, um acr\u00e9scimo de 439 mil pessoas a esse grupamento de atividade. O segmento de alojamento e alimenta\u00e7\u00e3o, um dos mais prejudicados desde o in\u00edcio da pandemia de Covid-19, teve seu contingente de trabalhadores aumentado em 9,3%. S\u00e3o 438 mil empregados a mais.<\/p>\n","protected":false},"excerpt":{"rendered":"<p>A taxa de desemprego no Brasil recuou para11,6% no trimestre encerrado em novembro, mas a falta de trabalho ainda atinge 12,4 milh\u00f5es de brasileiros, informou&#8230;<\/p>\n","protected":false},"author":1527,"featured_media":30751,"comment_status":"closed","ping_status":"closed","sticky":false,"template":"","format":"standard","meta":{"footnotes":""},"categories":[6],"tags":[],"class_list":["post-37667","post","type-post","status-publish","format-standard","has-post-thumbnail","hentry","category-noticias"],"_links":{"self":[{"href":"https:\/\/www.sincomam.org.br\/index.php\/wp-json\/wp\/v2\/posts\/37667","targetHints":{"allow":["GET"]}}],"collection":[{"href":"https:\/\/www.sincomam.org.br\/index.php\/wp-json\/wp\/v2\/posts"}],"about":[{"href":"https:\/\/www.sincomam.org.br\/index.php\/wp-json\/wp\/v2\/types\/post"}],"author":[{"embeddable":true,"href":"https:\/\/www.sincomam.org.br\/index.php\/wp-json\/wp\/v2\/users\/1527"}],"replies":[{"embeddable":true,"href":"https:\/\/www.sincomam.org.br\/index.php\/wp-json\/wp\/v2\/comments?post=37667"}],"version-history":[{"count":1,"href":"https:\/\/www.sincomam.org.br\/index.php\/wp-json\/wp\/v2\/posts\/37667\/revisions"}],"predecessor-version":[{"id":37668,"href":"https:\/\/www.sincomam.org.br\/index.php\/wp-json\/wp\/v2\/posts\/37667\/revisions\/37668"}],"wp:featuredmedia":[{"embeddable":true,"href":"https:\/\/www.sincomam.org.br\/index.php\/wp-json\/wp\/v2\/media\/30751"}],"wp:attachment":[{"href":"https:\/\/www.sincomam.org.br\/index.php\/wp-json\/wp\/v2\/media?parent=37667"}],"wp:term":[{"taxonomy":"category","embeddable":true,"href":"https:\/\/www.sincomam.org.br\/index.php\/wp-json\/wp\/v2\/categories?post=37667"},{"taxonomy":"post_tag","embeddable":true,"href":"https:\/\/www.sincomam.org.br\/index.php\/wp-json\/wp\/v2\/tags?post=37667"}],"curies":[{"name":"wp","href":"https:\/\/api.w.org\/{rel}","templated":true}]}}