{"id":37664,"date":"2022-01-28T10:18:35","date_gmt":"2022-01-28T13:18:35","guid":{"rendered":"http:\/\/www.sincomam.org.br\/?p=37664"},"modified":"2022-01-28T10:18:35","modified_gmt":"2022-01-28T13:18:35","slug":"rio-ja-tem-mais-casos-de-covid-19-do-que-no-primeiro-ano-de-pandemia","status":"publish","type":"post","link":"https:\/\/www.sincomam.org.br\/index.php\/rio-ja-tem-mais-casos-de-covid-19-do-que-no-primeiro-ano-de-pandemia\/","title":{"rendered":"Rio j\u00e1 tem mais casos de covid-19 do que no primeiro ano de pandemia"},"content":{"rendered":"<p>A cidade do Rio de Janeiro registrou, nos primeiros 26 dias do ano, 228.129 casos de covid-19. Este n\u00famero \u00e9 maior do que todos os casos confirmados no primeiro ano de pandemia: 218.033. O perfil epidemiol\u00f3gico foi atualizado hoje (27) pela Secretaria Municipal de Sa\u00fade. Em 2021, o n\u00famero total de casos na capital fluminense foi de 293.334. Este ano, a faixa com maior n\u00famero de casos est\u00e1 entre 30 a 39 anos.<\/p>\n<p>Embora o n\u00famero de casos tenha disparado por conta da variante \u00d4micron, o n\u00famero \u00f3bitos registrados pela covid-19 este ano \u00e9 de 160. No ano passado, foram 16.108 mortes. E, em 2020, 42.629. A taxa de letalidade est\u00e1 em 0,1% este ano; contra 5,6%, em 2021; e 8,7%, em 2020.<\/p>\n<p>Fonte: Ag\u00eancia Brasil<\/p>\n","protected":false},"excerpt":{"rendered":"<p>A cidade do Rio de Janeiro registrou, nos primeiros 26 dias do ano, 228.129 casos de covid-19. Este n\u00famero \u00e9 maior do que todos os&#8230;<\/p>\n","protected":false},"author":1527,"featured_media":37665,"comment_status":"closed","ping_status":"closed","sticky":false,"template":"","format":"standard","meta":{"footnotes":""},"categories":[6],"tags":[],"class_list":["post-37664","post","type-post","status-publish","format-standard","has-post-thumbnail","hentry","category-noticias"],"_links":{"self":[{"href":"https:\/\/www.sincomam.org.br\/index.php\/wp-json\/wp\/v2\/posts\/37664","targetHints":{"allow":["GET"]}}],"collection":[{"href":"https:\/\/www.sincomam.org.br\/index.php\/wp-json\/wp\/v2\/posts"}],"about":[{"href":"https:\/\/www.sincomam.org.br\/index.php\/wp-json\/wp\/v2\/types\/post"}],"author":[{"embeddable":true,"href":"https:\/\/www.sincomam.org.br\/index.php\/wp-json\/wp\/v2\/users\/1527"}],"replies":[{"embeddable":true,"href":"https:\/\/www.sincomam.org.br\/index.php\/wp-json\/wp\/v2\/comments?post=37664"}],"version-history":[{"count":1,"href":"https:\/\/www.sincomam.org.br\/index.php\/wp-json\/wp\/v2\/posts\/37664\/revisions"}],"predecessor-version":[{"id":37666,"href":"https:\/\/www.sincomam.org.br\/index.php\/wp-json\/wp\/v2\/posts\/37664\/revisions\/37666"}],"wp:featuredmedia":[{"embeddable":true,"href":"https:\/\/www.sincomam.org.br\/index.php\/wp-json\/wp\/v2\/media\/37665"}],"wp:attachment":[{"href":"https:\/\/www.sincomam.org.br\/index.php\/wp-json\/wp\/v2\/media?parent=37664"}],"wp:term":[{"taxonomy":"category","embeddable":true,"href":"https:\/\/www.sincomam.org.br\/index.php\/wp-json\/wp\/v2\/categories?post=37664"},{"taxonomy":"post_tag","embeddable":true,"href":"https:\/\/www.sincomam.org.br\/index.php\/wp-json\/wp\/v2\/tags?post=37664"}],"curies":[{"name":"wp","href":"https:\/\/api.w.org\/{rel}","templated":true}]}}