{"id":37650,"date":"2022-01-27T09:50:06","date_gmt":"2022-01-27T12:50:06","guid":{"rendered":"http:\/\/www.sincomam.org.br\/?p=37650"},"modified":"2022-01-27T09:50:06","modified_gmt":"2022-01-27T12:50:06","slug":"porto-do-itaqui-abre-primeira-turma-de-residencia-portuaria","status":"publish","type":"post","link":"https:\/\/www.sincomam.org.br\/index.php\/porto-do-itaqui-abre-primeira-turma-de-residencia-portuaria\/","title":{"rendered":"PORTO DO ITAQUI ABRE PRIMEIRA TURMA DE RESID\u00caNCIA PORTU\u00c1RIA"},"content":{"rendered":"<p>A turma inaugural do Farol, o primeiro programa de resid\u00eancia portu\u00e1ria realizado por um porto p\u00fablico no pa\u00eds, iniciou as atividades neste m\u00eas, com bolsistas selecionados em edital p\u00fablico. O Farol integra o Porto do Itaqui Labs, programa de inova\u00e7\u00e3o do Porto do Itaqui, com o objetivo de consolidar o porto p\u00fablico do Maranh\u00e3o como polo de conhecimento por meio do fomento \u00e0 pesquisa, incentivo \u00e0 inova\u00e7\u00e3o e prepara\u00e7\u00e3o de profissionais maranhenses para o mercado de trabalho nos setores mar\u00edtimo, portu\u00e1rio e log\u00edstico.<\/p>\n<p>A iniciativa, uma realiza\u00e7\u00e3o da Empresa Maranhense de Administra\u00e7\u00e3o Portu\u00e1ria (EMAP) em parceria com a Funda\u00e7\u00e3o de Amparo \u00e0 Pesquisa e ao Desenvolvimento Cient\u00edfico e Tecnol\u00f3gico do Maranh\u00e3o (FAPEMA), integra um conjunto de a\u00e7\u00f5es de pesquisa, desenvolvimento e inova\u00e7\u00e3o que ao longo deste ano ser\u00e1 ampliado para outras \u00e1reas do conhecimento.<\/p>\n<p>\u201cEsperamos, com esse programa, contribuir para o fortalecimento da rela\u00e7\u00e3o porto-cidade, gerando um ambiente que possibilite a entrega de solu\u00e7\u00f5es inovadoras para os desafios desses setores e ao mesmo tempo proporcionar oportunidades para a popula\u00e7\u00e3o maranhense\u201d, afirma o presidente do Porto do Itaqui, Ted Lago.<\/p>\n<p>Para essa primeira turma foram selecionados 10 bolsistas com at\u00e9 tr\u00eas anos de forma\u00e7\u00e3o no ensino superior, em \u00e1reas estrat\u00e9gicas para o setor portu\u00e1rio: administra\u00e7\u00e3o, comunica\u00e7\u00e3o, engenharia civil e mec\u00e2nica, engenharia da computa\u00e7\u00e3o, oceanografia e ci\u00eancia e tecnologia. A jornada, de um ano, ser\u00e1 focada no desenvolvimento de solu\u00e7\u00f5es para desafios mapeados no porto p\u00fablico do Maranh\u00e3o, dentro de um processo de constru\u00e7\u00e3o coletiva do conhecimento.<\/p>\n<p>\u201cEsse conv\u00eanio possibilita que a pesquisa aplicada seja realizada com objetivo de resolver problemas reais, atrelados \u00e0 \u00e1rea portu\u00e1ria e que influenciam pesquisadores das mais diversas \u00e1reas do estado do Maranh\u00e3o\u201d, diz o diretor-presidente da Fapema, Andr\u00e9 Santos.<\/p>\n<p>A expectativa \u00e9 apresentar respostas para os desafios comuns, sempre avan\u00e7ando na dire\u00e7\u00e3o de resultados cada vez melhores para toda a cadeia log\u00edstica envolvida na atividade portu\u00e1ria. Neste m\u00eas a turma passa por uma imers\u00e3o no ecossistema portu\u00e1rio, por meio de visitas t\u00e9cnicas e reuni\u00f5es com equipes das institui\u00e7\u00f5es que integram as a\u00e7\u00f5es do Farol: a Autoridade Portu\u00e1ria, empresas e terminais do porto organizado do Itaqui. Passada essa primeira fase, o grupo trabalhar\u00e1 na remodelagem dos projetos apresentados, de modo que se alinhem \u00e0s necessidades do Porto do Itaqui. <\/p>\n<p><strong>Porto para o futuro<\/strong><br \/>\nEnquanto a primeira turma do Farol vai dando os primeiros passos em sua jornada, o Porto do Itaqui olha para a frente e come\u00e7a a estruturar o Farol 2.0 \u2013 Porto para o Futuro, que \u00e9 a continuidade da parceria com a Fapema, s\u00f3 que em um escopo muito mais amplo. S\u00e3o quatro frentes de atua\u00e7\u00e3o: concess\u00e3o de bolsas para estudantes de mestrado e doutorado, financiamento a projetos de pesquisa, interc\u00e2mbio entre portos do Brasil e do mundo e o Pr\u00eamio Porto do Itaqui para valorizar as produ\u00e7\u00f5es acad\u00eamicas de excel\u00eancia.<\/p>\n<p>Andr\u00e9 Santos explica que a Fapema e a EMAP est\u00e3o realizando um conv\u00eanio que congrega quatro possibilidades aos pesquisadores maranhenses: \u201cUm edital espec\u00edfico para bolsas de mestrado e doutorado voltadas a estudos ligados \u00e0 \u00e1rea de portos; um edital de premia\u00e7\u00e3o semelhante ao Pr\u00eamio Fapema para projetos desenvolvidos com a tem\u00e1tica de portos, inclusive para jornalistas, inventores e alunos do ensino m\u00e9dio; um edital que possibilita que alunos graduandos e graduados realizem est\u00e1gio em portos de outros pa\u00edses e, por fim, um edital que financiar\u00e1 projetos ligados \u00e0s necessidades da \u00e1rea portu\u00e1ria\u201d.<\/p>\n<p>Al\u00e9m dessas iniciativas alinhadas ao Porto do Itaqui Labs, a EMAP mant\u00e9m seu programa de est\u00e1gio para estudantes de n\u00edvel m\u00e9dio e superior. Atualmente s\u00e3o 53 estagi\u00e1rios em atividades, 14 em n\u00edvel t\u00e9cnico \u2013 nas \u00e1reas de Administra\u00e7\u00e3o, Meio Ambiente e Seguran\u00e7a do Trabalho) \u2013 e 39 em n\u00edvel superior \u2013 graduandos dos cursos de Administra\u00e7\u00e3o, Arquitetura, Ci\u00eancias da Computa\u00e7\u00e3o, Design, Direito, Economia, Enfermagem, Engenharias Civil, de Produ\u00e7\u00e3o, El\u00e9trica e Mec\u00e2nica, Gest\u00e3o Portu\u00e1ria e Tecnologia da Informa\u00e7\u00e3o.<\/p>\n<p>A empresa conta ainda com cinco alunos de n\u00edvel m\u00e9dio do Programa Jovem Aprendiz e todos os anos recebe, no segundo semestre, 20 estudantes do Instituto Estadual de Educa\u00e7\u00e3o, Ci\u00eancia e Tecnologia do Maranh\u00e3o (IEMA) das \u00e1reas de Log\u00edstica, Meio Ambiente, Inform\u00e1tica, \u00c1udio e V\u00eddeo e Eventos, para est\u00e1gio curricular.<\/p>\n<p>Todas essas a\u00e7\u00f5es est\u00e3o integradas ao Programa de Pesquisa, Desenvolvimento e Inova\u00e7\u00e3o da EMAP, em fase de constru\u00e7\u00e3o. Para dar suporte nessa jornada, foi criado um grupo de trabalho formado pela equipe do programa de inova\u00e7\u00e3o da EMAP e professores de universidades p\u00fablicas e privadas maranhenses que atuam de forma volunt\u00e1ria como um comit\u00ea consultivo. <\/p>\n<p>Fonte: Portos e Navios<\/p>\n","protected":false},"excerpt":{"rendered":"<p>A turma inaugural do Farol, o primeiro programa de resid\u00eancia portu\u00e1ria realizado por um porto p\u00fablico no pa\u00eds, iniciou as atividades neste m\u00eas, com bolsistas&#8230;<\/p>\n","protected":false},"author":1527,"featured_media":37651,"comment_status":"closed","ping_status":"closed","sticky":false,"template":"","format":"standard","meta":{"footnotes":""},"categories":[6],"tags":[],"class_list":["post-37650","post","type-post","status-publish","format-standard","has-post-thumbnail","hentry","category-noticias"],"_links":{"self":[{"href":"https:\/\/www.sincomam.org.br\/index.php\/wp-json\/wp\/v2\/posts\/37650","targetHints":{"allow":["GET"]}}],"collection":[{"href":"https:\/\/www.sincomam.org.br\/index.php\/wp-json\/wp\/v2\/posts"}],"about":[{"href":"https:\/\/www.sincomam.org.br\/index.php\/wp-json\/wp\/v2\/types\/post"}],"author":[{"embeddable":true,"href":"https:\/\/www.sincomam.org.br\/index.php\/wp-json\/wp\/v2\/users\/1527"}],"replies":[{"embeddable":true,"href":"https:\/\/www.sincomam.org.br\/index.php\/wp-json\/wp\/v2\/comments?post=37650"}],"version-history":[{"count":1,"href":"https:\/\/www.sincomam.org.br\/index.php\/wp-json\/wp\/v2\/posts\/37650\/revisions"}],"predecessor-version":[{"id":37652,"href":"https:\/\/www.sincomam.org.br\/index.php\/wp-json\/wp\/v2\/posts\/37650\/revisions\/37652"}],"wp:featuredmedia":[{"embeddable":true,"href":"https:\/\/www.sincomam.org.br\/index.php\/wp-json\/wp\/v2\/media\/37651"}],"wp:attachment":[{"href":"https:\/\/www.sincomam.org.br\/index.php\/wp-json\/wp\/v2\/media?parent=37650"}],"wp:term":[{"taxonomy":"category","embeddable":true,"href":"https:\/\/www.sincomam.org.br\/index.php\/wp-json\/wp\/v2\/categories?post=37650"},{"taxonomy":"post_tag","embeddable":true,"href":"https:\/\/www.sincomam.org.br\/index.php\/wp-json\/wp\/v2\/tags?post=37650"}],"curies":[{"name":"wp","href":"https:\/\/api.w.org\/{rel}","templated":true}]}}