{"id":3765,"date":"2014-02-21T11:29:04","date_gmt":"2014-02-21T14:29:04","guid":{"rendered":"http:\/\/www.sincomam.org.br\/?p=3765"},"modified":"2014-02-21T11:33:24","modified_gmt":"2014-02-21T14:33:24","slug":"dilma-inaugura-porto-em-cuba-e-anuncia-mais-investimentos","status":"publish","type":"post","link":"https:\/\/www.sincomam.org.br\/index.php\/dilma-inaugura-porto-em-cuba-e-anuncia-mais-investimentos\/","title":{"rendered":"Dilma inaugura porto em Cuba e anuncia mais investimentos"},"content":{"rendered":"<p><i><strong>Presidente inaugurou a primeira fase do Porto de Mariel e afirmou que h\u00e1 v\u00e1rias empresas brasileiras interessadas na segunda etapa do porto<\/strong><\/p>\n<p><\/i>Em sua segunda visita a Cuba como presidente do Brasil, Dilma Rousseff inaugurou a primeira fase do Porto de Mariel e afirmou que h\u00e1 v\u00e1rias empresas brasileiras interessadas na segunda etapa do porto, que contar\u00e1 com investimentos de 290 milh\u00f5es de d\u00f3lares.<\/p>\n<p>Segundo a presidente, uma vez em funcionamento, o porto que obteve financiamento brasileiro por meio do Banco Nacional de Desenvolvimento Econ\u00f4mico e Social (BNDES), poder\u00e1 aumentar &#8220;substancialmente&#8221; o volume de com\u00e9rcio da ilha, um dos tr\u00eas maiores do Caribe.<\/p>\n<p>&#8220;O Brasil acredita e aposta no potencial humano e econ\u00f4mico de Cuba&#8221;, disse Dilma durante a cerim\u00f4nia no Porto de Mariel, a 45 quil\u00f4metros a leste de Havana.<\/p>\n<p>O uso do BNDES para o financiamento do porto foi alvo de cr\u00edticas da oposi\u00e7\u00e3o brasileira, por considerar que os recursos deveriam ser aplicados no pr\u00f3prio Brasil e n\u00e3o na ilha socialista.<\/p>\n<p>&#8220;O Brasil orgulha-se de se associar a Cuba neste que \u00e9 primeiro porto terminal de containeres do Caribe com capacidade de se integrar \u00e0 cadeia log\u00edstica interoce\u00e2nica&#8221;, afirmou a presidente.<\/p>\n<p>Segundo Dilma, o Brasil financiou, por meio do BNDES, 802 milh\u00f5es de d\u00f3lares na primeira fase de Mariel. A segunda fase ser\u00e1 a &#8220;a implanta\u00e7\u00e3o da zona especial de desenvolvimento de Mariel, que se tornar\u00e1 pe\u00e7a-chave para a promo\u00e7\u00e3o do desenvolvimento econ\u00f4mico cubano&#8221;, disse Dilma.<\/p>\n<p>Fonte: Reuters \/ Foto: Roberto Stuckert Filho\/(PR )<\/p>\n","protected":false},"excerpt":{"rendered":"<p>Presidente inaugurou a primeira fase do Porto de Mariel e afirmou que h\u00e1 v\u00e1rias empresas brasileiras interessadas na segunda etapa do porto Em sua segunda&#8230;<\/p>\n","protected":false},"author":1182,"featured_media":3767,"comment_status":"closed","ping_status":"closed","sticky":false,"template":"","format":"standard","meta":{"footnotes":""},"categories":[6],"tags":[537,181,536,80],"class_list":["post-3765","post","type-post","status-publish","format-standard","has-post-thumbnail","hentry","category-noticias","tag-cuba","tag-dilma","tag-inauguracao","tag-porto"],"_links":{"self":[{"href":"https:\/\/www.sincomam.org.br\/index.php\/wp-json\/wp\/v2\/posts\/3765","targetHints":{"allow":["GET"]}}],"collection":[{"href":"https:\/\/www.sincomam.org.br\/index.php\/wp-json\/wp\/v2\/posts"}],"about":[{"href":"https:\/\/www.sincomam.org.br\/index.php\/wp-json\/wp\/v2\/types\/post"}],"author":[{"embeddable":true,"href":"https:\/\/www.sincomam.org.br\/index.php\/wp-json\/wp\/v2\/users\/1182"}],"replies":[{"embeddable":true,"href":"https:\/\/www.sincomam.org.br\/index.php\/wp-json\/wp\/v2\/comments?post=3765"}],"version-history":[{"count":2,"href":"https:\/\/www.sincomam.org.br\/index.php\/wp-json\/wp\/v2\/posts\/3765\/revisions"}],"predecessor-version":[{"id":3768,"href":"https:\/\/www.sincomam.org.br\/index.php\/wp-json\/wp\/v2\/posts\/3765\/revisions\/3768"}],"wp:featuredmedia":[{"embeddable":true,"href":"https:\/\/www.sincomam.org.br\/index.php\/wp-json\/wp\/v2\/media\/3767"}],"wp:attachment":[{"href":"https:\/\/www.sincomam.org.br\/index.php\/wp-json\/wp\/v2\/media?parent=3765"}],"wp:term":[{"taxonomy":"category","embeddable":true,"href":"https:\/\/www.sincomam.org.br\/index.php\/wp-json\/wp\/v2\/categories?post=3765"},{"taxonomy":"post_tag","embeddable":true,"href":"https:\/\/www.sincomam.org.br\/index.php\/wp-json\/wp\/v2\/tags?post=3765"}],"curies":[{"name":"wp","href":"https:\/\/api.w.org\/{rel}","templated":true}]}}