{"id":37641,"date":"2022-01-27T09:25:24","date_gmt":"2022-01-27T12:25:24","guid":{"rendered":"http:\/\/www.sincomam.org.br\/?p=37641"},"modified":"2022-01-27T09:25:24","modified_gmt":"2022-01-27T12:25:24","slug":"comandante-de-operacoes-navais-e-delegacao-de-aspirantes-visitam-instalacoes-do-pfct-em-itajai","status":"publish","type":"post","link":"https:\/\/www.sincomam.org.br\/index.php\/comandante-de-operacoes-navais-e-delegacao-de-aspirantes-visitam-instalacoes-do-pfct-em-itajai\/","title":{"rendered":"Comandante de Opera\u00e7\u00f5es Navais e Delega\u00e7\u00e3o de Aspirantes visitam instala\u00e7\u00f5es do PFCT em Itaja\u00ed"},"content":{"rendered":"<p>Como parte da Opera\u00e7\u00e3o \u201cAspirantex\/2022\u201d, o Comandante de Opera\u00e7\u00f5es Navais, Almirante de Esquadra Marcos Sampaio Olsen e comitiva, acompanhado pelo Comandante do 5\u00ba Distrito Naval, Vice-Almirante S\u00edlvio Luiz dos Santos, estiveram presentes no Escrit\u00f3rio de Apoio Administrativo do Programa Fragatas \u201cClasse Tamandar\u00e9\u201d (PFCT) em Itaja\u00ed (SC), da Empresa Gerencial de Projetos Navais (EMGEPRON), bem como no Escrit\u00f3rio de Fiscaliza\u00e7\u00e3o da empresa, localizado no ThyssenKrup Estaleiro Brasil Sul (tkEBS), onde ser\u00e3o constru\u00eddas as quatro fragatas para a Marinha do Brasil (MB), conforme previsto no contrato assinado em 4 de mar\u00e7o de 2020, entre a EMGEPRON e a Sociedade de Prop\u00f3sito Espec\u00edfico \u00c1guas Azuis (SPE \u00c1guas Azuis).<\/p>\n<p>Durante a visita ao tkEBS, o Comandante de Opera\u00e7\u00f5es Navais assistiu a uma breve explana\u00e7\u00e3o proferida pelo CEO da SPE \u00c1guas Azuis, Fernando de Almeida Queiroz, e pelo CEO do tkEBS, Paul Kempers, que apresentaram o est\u00e1gio atual de desenvolvimento do per\u00edodo de mobiliza\u00e7\u00e3o do estaleiro para a constru\u00e7\u00e3o das Fragatas \u201cClasse Tamandar\u00e9\u201d. Na ocasi\u00e3o, a comitiva foi apresentada \u00e0 equipe de fiscaliza\u00e7\u00e3o da EMGEPRON, baseada no escrit\u00f3rio da empresa dentro do estaleiro, e percorreu as instala\u00e7\u00f5es do tkEBS verificando, in loco, o andamento das atividades que precedem a constru\u00e7\u00e3o da primeira fragata, prevista para iniciar em setembro deste ano.<\/p>\n<p>Na parte da tarde, ocorreu a visita da delega\u00e7\u00e3o de 113 Aspirantes do 1\u00ba ano da Escola Naval ao estaleiro tkEBS, que tiveram a oportunidade de familiarizar com a import\u00e2ncia do PFCT para a MB e para o Pa\u00eds.<br \/>\nFonte: Centro de Comunica\u00e7\u00e3o Social da Marinha<\/p>\n","protected":false},"excerpt":{"rendered":"<p>Como parte da Opera\u00e7\u00e3o \u201cAspirantex\/2022\u201d, o Comandante de Opera\u00e7\u00f5es Navais, Almirante de Esquadra Marcos Sampaio Olsen e comitiva, acompanhado pelo Comandante do 5\u00ba Distrito Naval,&#8230;<\/p>\n","protected":false},"author":1527,"featured_media":37642,"comment_status":"closed","ping_status":"closed","sticky":false,"template":"","format":"standard","meta":{"footnotes":""},"categories":[6],"tags":[],"class_list":["post-37641","post","type-post","status-publish","format-standard","has-post-thumbnail","hentry","category-noticias"],"_links":{"self":[{"href":"https:\/\/www.sincomam.org.br\/index.php\/wp-json\/wp\/v2\/posts\/37641","targetHints":{"allow":["GET"]}}],"collection":[{"href":"https:\/\/www.sincomam.org.br\/index.php\/wp-json\/wp\/v2\/posts"}],"about":[{"href":"https:\/\/www.sincomam.org.br\/index.php\/wp-json\/wp\/v2\/types\/post"}],"author":[{"embeddable":true,"href":"https:\/\/www.sincomam.org.br\/index.php\/wp-json\/wp\/v2\/users\/1527"}],"replies":[{"embeddable":true,"href":"https:\/\/www.sincomam.org.br\/index.php\/wp-json\/wp\/v2\/comments?post=37641"}],"version-history":[{"count":1,"href":"https:\/\/www.sincomam.org.br\/index.php\/wp-json\/wp\/v2\/posts\/37641\/revisions"}],"predecessor-version":[{"id":37643,"href":"https:\/\/www.sincomam.org.br\/index.php\/wp-json\/wp\/v2\/posts\/37641\/revisions\/37643"}],"wp:featuredmedia":[{"embeddable":true,"href":"https:\/\/www.sincomam.org.br\/index.php\/wp-json\/wp\/v2\/media\/37642"}],"wp:attachment":[{"href":"https:\/\/www.sincomam.org.br\/index.php\/wp-json\/wp\/v2\/media?parent=37641"}],"wp:term":[{"taxonomy":"category","embeddable":true,"href":"https:\/\/www.sincomam.org.br\/index.php\/wp-json\/wp\/v2\/categories?post=37641"},{"taxonomy":"post_tag","embeddable":true,"href":"https:\/\/www.sincomam.org.br\/index.php\/wp-json\/wp\/v2\/tags?post=37641"}],"curies":[{"name":"wp","href":"https:\/\/api.w.org\/{rel}","templated":true}]}}