{"id":37627,"date":"2022-01-26T08:30:15","date_gmt":"2022-01-26T11:30:15","guid":{"rendered":"http:\/\/www.sincomam.org.br\/?p=37627"},"modified":"2022-01-26T01:36:45","modified_gmt":"2022-01-26T04:36:45","slug":"afastamento-de-trabalhador-com-covid-19-cai-para-10-dias","status":"publish","type":"post","link":"https:\/\/www.sincomam.org.br\/index.php\/afastamento-de-trabalhador-com-covid-19-cai-para-10-dias\/","title":{"rendered":"Afastamento de trabalhador com covid-19 cai para 10 dias"},"content":{"rendered":"<p>O governo federal formalizou nessa ter\u00e7a-feira (25) a redu\u00e7\u00e3o no prazo de afastamento de trabalhadores com covid-19. O tempo de licen\u00e7a por contamina\u00e7\u00e3o pelo coronav\u00edrus passa a ser de dez dias, contados do primeiro dia de sintomas ou da realiza\u00e7\u00e3o do teste.<\/p>\n<p>O afastamento poder\u00e1 cair para sete dias, caso o trabalhador esteja sem febre h\u00e1 mais de 24 horas, sem o uso de medicamentos antit\u00e9rmicos e tenha tido melhora dos sintomas respirat\u00f3rios. O prazo anterior, fixado pelas portarias 19 e 20, de junho de 2020, era de 14 dias.<\/p>\n<p>Nessa ter\u00e7a, os minist\u00e9rios da Sa\u00fade, do Trabalho e Previd\u00eancia e da Agricultura, Pecu\u00e1ria e Abastecimento atualizaram os anexos dessas normas, onde s\u00e3o detalhados os par\u00e2metros para preven\u00e7\u00e3o, controle e mitiga\u00e7\u00e3o dos riscos de transmiss\u00e3o.<\/p>\n<p>A mudan\u00e7a era esperada desde o in\u00edcio de janeiro, quando o Minist\u00e9rio da Sa\u00fade reduziu os intervalos de isolamento para pessoas com covid-19. A quarentena de contaminados assintom\u00e1ticos, para os quais a recomenda\u00e7\u00e3o de afastamento de atividades e contatos era de 10 dias, passou a cinco.<\/p>\n<p>Para os trabalhadores, outra modifica\u00e7\u00e3o trazida pelos novos anexos \u00e9 o tempo de isolamento para os que tiveram contato com pessoas contaminadas e tamb\u00e9m o intervalo para que esse trabalhador seja considerado sob risco.<\/p>\n<p>Na publica\u00e7\u00e3o anterior, o governo estabelecia como contatante os que estiveram com algu\u00e9m contaminado entre dois e 14 dias desde o in\u00edcio dos sintomas ou da confirma\u00e7\u00e3o laboratorial. A partir dessa ter\u00e7a, esse intervalo cai para entre dois e dez dias.<\/p>\n<p>Contatantes ainda precisam ser afastados do trabalho presencial, mas o prazo de isolamento tamb\u00e9m cai de 14 para dez dias. Esses trabalhadores tamb\u00e9m podem voltar antes \u00e0s atividades presenciais. A portaria prev\u00ea que o retorno pode ocorrer no 7\u00ba dia desde o contato com a pessoa contaminada, desde que a empresa encaminhe o funcion\u00e1rio para testagem a partir do 5\u00ba dia.<\/p>\n<p>Fonte: Valor<\/p>\n","protected":false},"excerpt":{"rendered":"<p>O governo federal formalizou nessa ter\u00e7a-feira (25) a redu\u00e7\u00e3o no prazo de afastamento de trabalhadores com covid-19. O tempo de licen\u00e7a por contamina\u00e7\u00e3o pelo coronav\u00edrus&#8230;<\/p>\n","protected":false},"author":1527,"featured_media":17971,"comment_status":"closed","ping_status":"closed","sticky":false,"template":"","format":"standard","meta":{"footnotes":""},"categories":[6],"tags":[],"class_list":["post-37627","post","type-post","status-publish","format-standard","has-post-thumbnail","hentry","category-noticias"],"_links":{"self":[{"href":"https:\/\/www.sincomam.org.br\/index.php\/wp-json\/wp\/v2\/posts\/37627","targetHints":{"allow":["GET"]}}],"collection":[{"href":"https:\/\/www.sincomam.org.br\/index.php\/wp-json\/wp\/v2\/posts"}],"about":[{"href":"https:\/\/www.sincomam.org.br\/index.php\/wp-json\/wp\/v2\/types\/post"}],"author":[{"embeddable":true,"href":"https:\/\/www.sincomam.org.br\/index.php\/wp-json\/wp\/v2\/users\/1527"}],"replies":[{"embeddable":true,"href":"https:\/\/www.sincomam.org.br\/index.php\/wp-json\/wp\/v2\/comments?post=37627"}],"version-history":[{"count":2,"href":"https:\/\/www.sincomam.org.br\/index.php\/wp-json\/wp\/v2\/posts\/37627\/revisions"}],"predecessor-version":[{"id":37629,"href":"https:\/\/www.sincomam.org.br\/index.php\/wp-json\/wp\/v2\/posts\/37627\/revisions\/37629"}],"wp:featuredmedia":[{"embeddable":true,"href":"https:\/\/www.sincomam.org.br\/index.php\/wp-json\/wp\/v2\/media\/17971"}],"wp:attachment":[{"href":"https:\/\/www.sincomam.org.br\/index.php\/wp-json\/wp\/v2\/media?parent=37627"}],"wp:term":[{"taxonomy":"category","embeddable":true,"href":"https:\/\/www.sincomam.org.br\/index.php\/wp-json\/wp\/v2\/categories?post=37627"},{"taxonomy":"post_tag","embeddable":true,"href":"https:\/\/www.sincomam.org.br\/index.php\/wp-json\/wp\/v2\/tags?post=37627"}],"curies":[{"name":"wp","href":"https:\/\/api.w.org\/{rel}","templated":true}]}}