{"id":37624,"date":"2022-01-26T08:30:37","date_gmt":"2022-01-26T11:30:37","guid":{"rendered":"http:\/\/www.sincomam.org.br\/?p=37624"},"modified":"2022-01-26T01:05:09","modified_gmt":"2022-01-26T04:05:09","slug":"37624","status":"publish","type":"post","link":"https:\/\/www.sincomam.org.br\/index.php\/37624\/","title":{"rendered":"Brasil registra 489 mortes por Covid em 24h, maior n\u00famero desde novembro"},"content":{"rendered":"<p>O Brasil registrou nesta ter\u00e7a-feira (25) 199.126 novos casos conhecidos de Covid-19 em 24 horas, chegando ao total de 24.334.072 diagn\u00f3sticos confirmados desde o in\u00edcio da pandemia. Com isso, a m\u00e9dia m\u00f3vel de casos nos \u00faltimos 7 dias foi a 159.789 &#8211; a maior marca registrada at\u00e9 aqui e marcando o oitavo recorde seguido. Em compara\u00e7\u00e3o \u00e0 m\u00e9dia de 14 dias atr\u00e1s, a varia\u00e7\u00e3o foi de +203%, indicando tend\u00eancia de alta nos casos da doen\u00e7a.<\/p>\n<p><strong>Brasil, 25 de janeiro<\/strong><br \/>\nTotal de mortes: 623.901<br \/>\nRegistro de mortes em 24 horas: 489<br \/>\nM\u00e9dia de novas mortes nos \u00faltimos 7 dias: 332 (varia\u00e7\u00e3o em 14 dias: +170%)<br \/>\nTotal de casos conhecidos confirmados: 24.334.072<br \/>\nRegistro de casos conhecidos confirmados em 24 horas: 199.126<br \/>\nM\u00e9dia de novos casos nos \u00faltimos 7 dias: 159.789 por dia (varia\u00e7\u00e3o em 14 dias: +203%)<\/p>\n<p>O pa\u00eds tamb\u00e9m registrou 489 mortes pela Covid-19 nas \u00faltimas 24 horas, totalizando 623.901 \u00f3bitos desde o in\u00edcio da pandemia. Com isso, a m\u00e9dia m\u00f3vel de mortes nos \u00faltimos 7 dias \u00e9 de 332 &#8212; a maior registrada desde 28 de outubro do ano passado. Em compara\u00e7\u00e3o \u00e0 m\u00e9dia de 14 dias atr\u00e1s, a varia\u00e7\u00e3o foi de +170%, indicando tend\u00eancia de alta nos \u00f3bitos decorrentes da doen\u00e7a.<\/p>\n<p>Acre, Goi\u00e1s e Roraima n\u00e3o registraram mortes por Covid nas \u00faltimas 24 horas.<\/p>\n<p>Dessa forma, a m\u00e9dia m\u00f3vel de v\u00edtimas atinge agora um patamar acima do que estava \u00e0s v\u00e9speras do ataque hacker que gerou problemas nos registros em todo o Brasil, ocorrido na madrugada entre 9 e 10 de dezembro (leia mais abaixo). Na \u00e9poca, essa m\u00e9dia indicava 183 mortos pela doen\u00e7a a cada dia.<\/p>\n<p>Os n\u00fameros est\u00e3o no novo levantamento do cons\u00f3rcio de ve\u00edculos de imprensa sobre a situa\u00e7\u00e3o da pandemia de coronav\u00edrus no Brasil, consolidados \u00e0s 20h. O balan\u00e7o \u00e9 feito a partir de dados das secretarias estaduais de Sa\u00fade.<\/p>\n<p><strong>Instabilidade nos sistemas<\/strong><br \/>\nAp\u00f3s o apag\u00e3o de dados do Minist\u00e9rio da Sa\u00fade, os estados come\u00e7aram a normalizar a divulga\u00e7\u00e3o de n\u00fameros de Covid-19 no Brasil no dia 4 de janeiro.<\/p>\n<p>Em 12 de dezembro, o minist\u00e9rio informou que o processo para recupera\u00e7\u00e3o dos registros dos brasileiros vacinados contra a Covid-19 ap\u00f3s ataque hacker foi finalizado, sem perda de informa\u00e7\u00f5es. Mas, no dia seguinte, o ministro Marcelo Queiroga disse que houve um novo ataque hacker. A previs\u00e3o inicial de estabiliza\u00e7\u00e3o dos sistemas, de 14 de dezembro, n\u00e3o foi cumprida.<\/p>\n<p>No in\u00edcio de janeiro, o minist\u00e9rio informou que quatro de suas plataformas foram reestabelecidas ainda em dezembro; afirmou que, no dia 7 de janeiro, normalizou a integra\u00e7\u00e3o entre os sistemas locais e a rede nacional de dados, e que o retorno do acesso \u00e0s informa\u00e7\u00f5es estava sido gradual.<\/p>\n<p>Fonte: G1 <\/p>\n","protected":false},"excerpt":{"rendered":"<p>O Brasil registrou nesta ter\u00e7a-feira (25) 199.126 novos casos conhecidos de Covid-19 em 24 horas, chegando ao total de 24.334.072 diagn\u00f3sticos confirmados desde o in\u00edcio&#8230;<\/p>\n","protected":false},"author":1527,"featured_media":37604,"comment_status":"closed","ping_status":"closed","sticky":false,"template":"","format":"standard","meta":{"footnotes":""},"categories":[6],"tags":[],"class_list":["post-37624","post","type-post","status-publish","format-standard","has-post-thumbnail","hentry","category-noticias"],"_links":{"self":[{"href":"https:\/\/www.sincomam.org.br\/index.php\/wp-json\/wp\/v2\/posts\/37624","targetHints":{"allow":["GET"]}}],"collection":[{"href":"https:\/\/www.sincomam.org.br\/index.php\/wp-json\/wp\/v2\/posts"}],"about":[{"href":"https:\/\/www.sincomam.org.br\/index.php\/wp-json\/wp\/v2\/types\/post"}],"author":[{"embeddable":true,"href":"https:\/\/www.sincomam.org.br\/index.php\/wp-json\/wp\/v2\/users\/1527"}],"replies":[{"embeddable":true,"href":"https:\/\/www.sincomam.org.br\/index.php\/wp-json\/wp\/v2\/comments?post=37624"}],"version-history":[{"count":2,"href":"https:\/\/www.sincomam.org.br\/index.php\/wp-json\/wp\/v2\/posts\/37624\/revisions"}],"predecessor-version":[{"id":37626,"href":"https:\/\/www.sincomam.org.br\/index.php\/wp-json\/wp\/v2\/posts\/37624\/revisions\/37626"}],"wp:featuredmedia":[{"embeddable":true,"href":"https:\/\/www.sincomam.org.br\/index.php\/wp-json\/wp\/v2\/media\/37604"}],"wp:attachment":[{"href":"https:\/\/www.sincomam.org.br\/index.php\/wp-json\/wp\/v2\/media?parent=37624"}],"wp:term":[{"taxonomy":"category","embeddable":true,"href":"https:\/\/www.sincomam.org.br\/index.php\/wp-json\/wp\/v2\/categories?post=37624"},{"taxonomy":"post_tag","embeddable":true,"href":"https:\/\/www.sincomam.org.br\/index.php\/wp-json\/wp\/v2\/tags?post=37624"}],"curies":[{"name":"wp","href":"https:\/\/api.w.org\/{rel}","templated":true}]}}