{"id":37581,"date":"2022-01-24T08:11:20","date_gmt":"2022-01-24T11:11:20","guid":{"rendered":"http:\/\/www.sincomam.org.br\/?p=37581"},"modified":"2022-01-24T01:13:04","modified_gmt":"2022-01-24T04:13:04","slug":"sudeste-export-sera-realizado-nos-dias-11-e-12-de-abril-em-vitoria","status":"publish","type":"post","link":"https:\/\/www.sincomam.org.br\/index.php\/sudeste-export-sera-realizado-nos-dias-11-e-12-de-abril-em-vitoria\/","title":{"rendered":"SUDESTE EXPORT SER\u00c1 REALIZADO NOS DIAS 11 E 12 DE ABRIL EM VIT\u00d3RIA"},"content":{"rendered":"<p>Nos dias 11 e 12 de abril, Vit\u00f3ria vai sediar o f\u00f3rum regional Sudeste Export 2022. O evento reunir\u00e1 agentes de opera\u00e7\u00f5es portu\u00e1rias, log\u00edstica e infraestrutura, que apresentar\u00e3o as quest\u00f5es do setor em palestras e debates, al\u00e9m das novidades operacionais e possibilidades de neg\u00f3cios nos estandes do f\u00f3rum. A iniciativa deste ano ter\u00e1 car\u00e1ter estrat\u00e9gico diante do processo de desestatiza\u00e7\u00e3o da CODESA.<\/p>\n<p>Temas relativos aos portos regionais e ao setor produtivo ter\u00e3o destaque, a partir da lideran\u00e7a do presidente do Conselho do Sudeste Export, Mario Povia, e apoio da dire\u00e7\u00e3o do Porto de Vit\u00f3ria, onde ser\u00e3o realizadas visitas t\u00e9cnicas com a participa\u00e7\u00e3o dos inscritos no f\u00f3rum. Como o evento \u00e9 h\u00edbrido (presencial e remoto), o p\u00fablico ter\u00e1 acesso gratuito \u00e0 transmiss\u00e3o online e ao vivo das atividades.<\/p>\n<p>Nos \u00faltimos dois anos, o f\u00f3rum regional foi promovido em S\u00e3o Paulo e no Rio de Janeiro.<\/p>\n<p>Fonte: Portos e Navios<\/p>\n","protected":false},"excerpt":{"rendered":"<p>Nos dias 11 e 12 de abril, Vit\u00f3ria vai sediar o f\u00f3rum regional Sudeste Export 2022. O evento reunir\u00e1 agentes de opera\u00e7\u00f5es portu\u00e1rias, log\u00edstica e&#8230;<\/p>\n","protected":false},"author":1527,"featured_media":37582,"comment_status":"closed","ping_status":"closed","sticky":false,"template":"","format":"standard","meta":{"footnotes":""},"categories":[6],"tags":[],"class_list":["post-37581","post","type-post","status-publish","format-standard","has-post-thumbnail","hentry","category-noticias"],"_links":{"self":[{"href":"https:\/\/www.sincomam.org.br\/index.php\/wp-json\/wp\/v2\/posts\/37581","targetHints":{"allow":["GET"]}}],"collection":[{"href":"https:\/\/www.sincomam.org.br\/index.php\/wp-json\/wp\/v2\/posts"}],"about":[{"href":"https:\/\/www.sincomam.org.br\/index.php\/wp-json\/wp\/v2\/types\/post"}],"author":[{"embeddable":true,"href":"https:\/\/www.sincomam.org.br\/index.php\/wp-json\/wp\/v2\/users\/1527"}],"replies":[{"embeddable":true,"href":"https:\/\/www.sincomam.org.br\/index.php\/wp-json\/wp\/v2\/comments?post=37581"}],"version-history":[{"count":1,"href":"https:\/\/www.sincomam.org.br\/index.php\/wp-json\/wp\/v2\/posts\/37581\/revisions"}],"predecessor-version":[{"id":37583,"href":"https:\/\/www.sincomam.org.br\/index.php\/wp-json\/wp\/v2\/posts\/37581\/revisions\/37583"}],"wp:featuredmedia":[{"embeddable":true,"href":"https:\/\/www.sincomam.org.br\/index.php\/wp-json\/wp\/v2\/media\/37582"}],"wp:attachment":[{"href":"https:\/\/www.sincomam.org.br\/index.php\/wp-json\/wp\/v2\/media?parent=37581"}],"wp:term":[{"taxonomy":"category","embeddable":true,"href":"https:\/\/www.sincomam.org.br\/index.php\/wp-json\/wp\/v2\/categories?post=37581"},{"taxonomy":"post_tag","embeddable":true,"href":"https:\/\/www.sincomam.org.br\/index.php\/wp-json\/wp\/v2\/tags?post=37581"}],"curies":[{"name":"wp","href":"https:\/\/api.w.org\/{rel}","templated":true}]}}