{"id":37561,"date":"2022-01-22T13:13:02","date_gmt":"2022-01-22T16:13:02","guid":{"rendered":"http:\/\/www.sincomam.org.br\/?p=37561"},"modified":"2022-01-22T13:13:02","modified_gmt":"2022-01-22T16:13:02","slug":"coronavac-e-incluida-no-plano-de-vacinacao-para-criancas","status":"publish","type":"post","link":"https:\/\/www.sincomam.org.br\/index.php\/coronavac-e-incluida-no-plano-de-vacinacao-para-criancas\/","title":{"rendered":"CoronaVac \u00e9 inclu\u00edda no plano de vacina\u00e7\u00e3o para crian\u00e7as"},"content":{"rendered":"<p>O Minist\u00e9rio da Sa\u00fade anunciou  a inclus\u00e3o da vacina contra a covid-19 CoronaVac para crian\u00e7as e adolescentes de 6 a 17 anos pelo Plano Nacional de Operacionaliza\u00e7\u00e3o da Vacina\u00e7\u00e3o Contra a Covid-19. A pasta abriu negocia\u00e7\u00f5es com o Instituto Butantan, respons\u00e1vel pela produ\u00e7\u00e3o do imunizante, para a aquisi\u00e7\u00e3o de doses.<\/p>\n<p>A inclus\u00e3o ocorre um dia ap\u00f3s a Ag\u00eancia Nacional de Vigil\u00e2ncia Sanit\u00e1ria (Anvisa) aprovar o uso da CoronaVac em pessoas de 6 a 17 anos. Foi o segundo imunizante pedi\u00e1trico autorizado pela ag\u00eancia. O primeiro foi o da Pfizer.<\/p>\n<p>Nesta sexta-feira, em Bras\u00edlia, o secret\u00e1rio executivo do Minist\u00e9rio da Sa\u00fade, Rodrigo Cruz, informou que a pasta oficiou o Instituto Butantan para saber qual o quantitativo dispon\u00edvel para uma poss\u00edvel compra. A institui\u00e7\u00e3o de pesquisa respondeu com a disponibilidade de sete milh\u00f5es de doses.<\/p>\n<p>No entanto, um contrato de compra ainda depende de um levantamento dos estados. Cruz declarou que o Minist\u00e9rio da Sa\u00fade vai sondar os estados, pois ainda h\u00e1 em estoques da pasta seis milh\u00f5es de doses, al\u00e9m de outros tr\u00eas milh\u00f5es em estoques de diferentes estados.<\/p>\n<p>\u201cA gente vai provocar os estados para que eles nos informem se querem receber CoronaVac ou Pfizer e quanto tem na rede estadual e municipal para que fa\u00e7amos distribui\u00e7\u00e3o mais equ\u00e2nime\u201d, disse o secret\u00e1rio executivo. Segundo Cruz, o processo deve ser conclu\u00eddo na pr\u00f3xima semana, a depender do levantamento dos estados.<\/p>\n<p>Em nota, o Instituto Butantan informou que pode ampliar a produ\u00e7\u00e3o para al\u00e9m dos sete milh\u00f5es, caso haja interesse por parte do Programa Nacional de Imuniza\u00e7\u00f5es.<\/p>\n","protected":false},"excerpt":{"rendered":"<p>O Minist\u00e9rio da Sa\u00fade anunciou a inclus\u00e3o da vacina contra a covid-19 CoronaVac para crian\u00e7as e adolescentes de 6 a 17 anos pelo Plano Nacional&#8230;<\/p>\n","protected":false},"author":1527,"featured_media":37562,"comment_status":"closed","ping_status":"closed","sticky":false,"template":"","format":"standard","meta":{"footnotes":""},"categories":[6],"tags":[],"class_list":["post-37561","post","type-post","status-publish","format-standard","has-post-thumbnail","hentry","category-noticias"],"_links":{"self":[{"href":"https:\/\/www.sincomam.org.br\/index.php\/wp-json\/wp\/v2\/posts\/37561","targetHints":{"allow":["GET"]}}],"collection":[{"href":"https:\/\/www.sincomam.org.br\/index.php\/wp-json\/wp\/v2\/posts"}],"about":[{"href":"https:\/\/www.sincomam.org.br\/index.php\/wp-json\/wp\/v2\/types\/post"}],"author":[{"embeddable":true,"href":"https:\/\/www.sincomam.org.br\/index.php\/wp-json\/wp\/v2\/users\/1527"}],"replies":[{"embeddable":true,"href":"https:\/\/www.sincomam.org.br\/index.php\/wp-json\/wp\/v2\/comments?post=37561"}],"version-history":[{"count":1,"href":"https:\/\/www.sincomam.org.br\/index.php\/wp-json\/wp\/v2\/posts\/37561\/revisions"}],"predecessor-version":[{"id":37563,"href":"https:\/\/www.sincomam.org.br\/index.php\/wp-json\/wp\/v2\/posts\/37561\/revisions\/37563"}],"wp:featuredmedia":[{"embeddable":true,"href":"https:\/\/www.sincomam.org.br\/index.php\/wp-json\/wp\/v2\/media\/37562"}],"wp:attachment":[{"href":"https:\/\/www.sincomam.org.br\/index.php\/wp-json\/wp\/v2\/media?parent=37561"}],"wp:term":[{"taxonomy":"category","embeddable":true,"href":"https:\/\/www.sincomam.org.br\/index.php\/wp-json\/wp\/v2\/categories?post=37561"},{"taxonomy":"post_tag","embeddable":true,"href":"https:\/\/www.sincomam.org.br\/index.php\/wp-json\/wp\/v2\/tags?post=37561"}],"curies":[{"name":"wp","href":"https:\/\/api.w.org\/{rel}","templated":true}]}}