{"id":37557,"date":"2022-01-22T13:11:19","date_gmt":"2022-01-22T16:11:19","guid":{"rendered":"http:\/\/www.sincomam.org.br\/?p=37557"},"modified":"2022-01-22T13:11:31","modified_gmt":"2022-01-22T16:11:31","slug":"rio-e-sao-paulo-adiam-desfile-de-carnaval-para-feriado-de-tiradentes","status":"publish","type":"post","link":"https:\/\/www.sincomam.org.br\/index.php\/rio-e-sao-paulo-adiam-desfile-de-carnaval-para-feriado-de-tiradentes\/","title":{"rendered":"Rio e S\u00e3o Paulo adiam desfile de carnaval para feriado de Tiradentes"},"content":{"rendered":"<p>Os prefeitos do Rio de Janeiro, Eduardo Paes e de S\u00e3o Paulo, Ricardo Nunes, decidiram em reuni\u00e3o virtual adiar os desfiles das escolas de samba do carnaval nas duas cidades para o fim de semana do feriado de Tiradentes, em 21 de abril. A decis\u00e3o foi uma orienta\u00e7\u00e3o das secretarias de sa\u00fade das duas cidades e foi motivada pela explos\u00e3o de casos da covid-19 causados pela variante \u00d4micron.<\/p>\n<p>&#8220;A decis\u00e3o foi tomada em respeito ao atual quadro da pandemia de covid-19 no Brasil e \u00e0 necessidade de, neste momento, preservar vidas e somar for\u00e7as para impulsionar a vacina\u00e7\u00e3o em todo o territ\u00f3rio nacional\u201d, diz nota conjunta das prefeituras. A reuni\u00e3o contou com a presen\u00e7a dos prefeitos, dos secret\u00e1rios de Sa\u00fade e das ligas de escolas de samba das duas capitais.<\/p>\n<p>No come\u00e7o do m\u00eas, as capitais j\u00e1 haviam cancelado os blocos de rua por causa do aumento de casos de covid-19.<\/p>\n<p>Escolas<br \/>\nEm nota divulgada ap\u00f3s a decis\u00e3o, a Liga Independente das Escolas de Samba do Rio de Janeiro (Liesa) diz que o adiamento era um dos cen\u00e1rios previstos. &#8220;Com a proximidade do evento, foi mais prudente adiar a festa, situa\u00e7\u00e3o alinhada com as autoridades sanit\u00e1rias estaduais e municipais&#8221;.<\/p>\n<p>A Liga Independente das Escolas de Samba de S\u00e3o Paulo disse em nota que reafirma o compromisso com as autoridades no combate \u00e0 pandemia. &#8220;Acatamos, com a seguran\u00e7a de quem acredita na ci\u00eancia, a decis\u00e3o que vai priorizar o coletivo&#8221;.<\/p>\n<p>Fonte: Ag\u00eancia Brasil<\/p>\n","protected":false},"excerpt":{"rendered":"<p>Os prefeitos do Rio de Janeiro, Eduardo Paes e de S\u00e3o Paulo, Ricardo Nunes, decidiram em reuni\u00e3o virtual adiar os desfiles das escolas de samba&#8230;<\/p>\n","protected":false},"author":1527,"featured_media":37558,"comment_status":"closed","ping_status":"closed","sticky":false,"template":"","format":"standard","meta":{"footnotes":""},"categories":[6],"tags":[],"class_list":["post-37557","post","type-post","status-publish","format-standard","has-post-thumbnail","hentry","category-noticias"],"_links":{"self":[{"href":"https:\/\/www.sincomam.org.br\/index.php\/wp-json\/wp\/v2\/posts\/37557","targetHints":{"allow":["GET"]}}],"collection":[{"href":"https:\/\/www.sincomam.org.br\/index.php\/wp-json\/wp\/v2\/posts"}],"about":[{"href":"https:\/\/www.sincomam.org.br\/index.php\/wp-json\/wp\/v2\/types\/post"}],"author":[{"embeddable":true,"href":"https:\/\/www.sincomam.org.br\/index.php\/wp-json\/wp\/v2\/users\/1527"}],"replies":[{"embeddable":true,"href":"https:\/\/www.sincomam.org.br\/index.php\/wp-json\/wp\/v2\/comments?post=37557"}],"version-history":[{"count":2,"href":"https:\/\/www.sincomam.org.br\/index.php\/wp-json\/wp\/v2\/posts\/37557\/revisions"}],"predecessor-version":[{"id":37560,"href":"https:\/\/www.sincomam.org.br\/index.php\/wp-json\/wp\/v2\/posts\/37557\/revisions\/37560"}],"wp:featuredmedia":[{"embeddable":true,"href":"https:\/\/www.sincomam.org.br\/index.php\/wp-json\/wp\/v2\/media\/37558"}],"wp:attachment":[{"href":"https:\/\/www.sincomam.org.br\/index.php\/wp-json\/wp\/v2\/media?parent=37557"}],"wp:term":[{"taxonomy":"category","embeddable":true,"href":"https:\/\/www.sincomam.org.br\/index.php\/wp-json\/wp\/v2\/categories?post=37557"},{"taxonomy":"post_tag","embeddable":true,"href":"https:\/\/www.sincomam.org.br\/index.php\/wp-json\/wp\/v2\/tags?post=37557"}],"curies":[{"name":"wp","href":"https:\/\/api.w.org\/{rel}","templated":true}]}}