{"id":37538,"date":"2022-01-19T08:42:29","date_gmt":"2022-01-19T11:42:29","guid":{"rendered":"http:\/\/www.sincomam.org.br\/?p=37538"},"modified":"2022-01-19T00:54:10","modified_gmt":"2022-01-19T03:54:10","slug":"sem-reporto-grupos-preveem-onda-de-reequilibrios","status":"publish","type":"post","link":"https:\/\/www.sincomam.org.br\/index.php\/sem-reporto-grupos-preveem-onda-de-reequilibrios\/","title":{"rendered":"Sem Reporto, grupos preveem onda de reequil\u00edbrios"},"content":{"rendered":"<p>As companhias do setor portu\u00e1rio no pa\u00eds ainda acreditam que ser\u00e1 poss\u00edvel derrubar o veto do presidente Jair Bolsonaro que derrubou o Reporto e, dessa forma, manter o regime tribut\u00e1rio que desonera investimentos em portos e ferrovias. O programa estava vigente desde 2004.<\/p>\n<p>No entanto, caso esse cen\u00e1rio n\u00e3o se concretize, dever\u00e1 haver uma onda de pedidos de reequil\u00edbrio econ\u00f4mico-financeiro dos contratos e, em alguns casos, \u201capag\u00e3o de investimentos\u201d, afirma Jesualdo Silva, diretor-presidente da ABTP (Associa\u00e7\u00e3o Brasileira dos Terminais Portu\u00e1rios).<\/p>\n<p>\u201cSem o programa, o custo de alguns equipamentos aumenta mais de 40%. No caso dos contratos de arrendamento, h\u00e1 investimentos que s\u00e3o obrigat\u00f3rios, mas sem d\u00favidas ter\u00e3o que ser reequilibrados caso se confirme o fim do Reporto. Uma das possibilidades de reequil\u00edbrio \u00e9 reduzir os investimentos, ou no m\u00ednimo rever os cronograma, para que sejam reperfilados\u201d, diz.<\/p>\n<p>Na vis\u00e3o das empresas, n\u00e3o h\u00e1 d\u00favidas quanto ao direito a uma compensa\u00e7\u00e3o caso o regime seja extinto, porque o desconto j\u00e1 era muito incorporado ao setor e a pr\u00f3pria ag\u00eancia reguladora fazia os estudos de viabilidade para os novos contratos levando em considera\u00e7\u00e3o a exist\u00eancia do programa tribut\u00e1rio. \u201cO Reporto era usado na pr\u00f3pria modelagem dos leil\u00f5es\u201d, afirma Silva.<\/p>\n<p>Questionada sobre a possibilidade de reequil\u00edbrio nesse caso, a Antaq (Ag\u00eancia Nacional de Transportes Aquavi\u00e1rios) afirmou, em nota, que \u201capenas se posiciona sobre pleitos de reequil\u00edbrio econ\u00f4mico-financeiro nos casos concretos, mediante delibera\u00e7\u00e3o da Diretoria Colegiada.\u201d<\/p>\n<p>O presidente da ABTP, por\u00e9m, destaca que o \u201cplano A\u201d do setor n\u00e3o \u00e9 formular pleitos de reequil\u00edbrio &#8211; um processo complexo, que costuma demorar e gerar debates com a ag\u00eancia. \u201cAs companhias n\u00e3o querem gastar energia para minimizar ou evitar preju\u00edzos, elas querem fazer os investimentos planejados.\u201d<\/p>\n<p>A manuten\u00e7\u00e3o do Reporto havia sido inclu\u00edda pelo Congresso Nacional no projeto de lei da \u201cBR do Mar\u201d, que alterou as regras do setor de cabotagem. O texto foi sancionado no dia 7 de janeiro, por\u00e9m, com o veto ao programa &#8211; que vinha sendo defendido pelo minist\u00e9rio de Infraestrutura, mas n\u00e3o pela equipe econ\u00f4mica. Agora, os setores se articulam para a derrubada do veto.<\/p>\n<p>Fonte: Valor<\/p>\n","protected":false},"excerpt":{"rendered":"<p>As companhias do setor portu\u00e1rio no pa\u00eds ainda acreditam que ser\u00e1 poss\u00edvel derrubar o veto do presidente Jair Bolsonaro que derrubou o Reporto e, dessa&#8230;<\/p>\n","protected":false},"author":1527,"featured_media":37539,"comment_status":"closed","ping_status":"closed","sticky":false,"template":"","format":"standard","meta":{"footnotes":""},"categories":[6],"tags":[],"class_list":["post-37538","post","type-post","status-publish","format-standard","has-post-thumbnail","hentry","category-noticias"],"_links":{"self":[{"href":"https:\/\/www.sincomam.org.br\/index.php\/wp-json\/wp\/v2\/posts\/37538","targetHints":{"allow":["GET"]}}],"collection":[{"href":"https:\/\/www.sincomam.org.br\/index.php\/wp-json\/wp\/v2\/posts"}],"about":[{"href":"https:\/\/www.sincomam.org.br\/index.php\/wp-json\/wp\/v2\/types\/post"}],"author":[{"embeddable":true,"href":"https:\/\/www.sincomam.org.br\/index.php\/wp-json\/wp\/v2\/users\/1527"}],"replies":[{"embeddable":true,"href":"https:\/\/www.sincomam.org.br\/index.php\/wp-json\/wp\/v2\/comments?post=37538"}],"version-history":[{"count":1,"href":"https:\/\/www.sincomam.org.br\/index.php\/wp-json\/wp\/v2\/posts\/37538\/revisions"}],"predecessor-version":[{"id":37540,"href":"https:\/\/www.sincomam.org.br\/index.php\/wp-json\/wp\/v2\/posts\/37538\/revisions\/37540"}],"wp:featuredmedia":[{"embeddable":true,"href":"https:\/\/www.sincomam.org.br\/index.php\/wp-json\/wp\/v2\/media\/37539"}],"wp:attachment":[{"href":"https:\/\/www.sincomam.org.br\/index.php\/wp-json\/wp\/v2\/media?parent=37538"}],"wp:term":[{"taxonomy":"category","embeddable":true,"href":"https:\/\/www.sincomam.org.br\/index.php\/wp-json\/wp\/v2\/categories?post=37538"},{"taxonomy":"post_tag","embeddable":true,"href":"https:\/\/www.sincomam.org.br\/index.php\/wp-json\/wp\/v2\/tags?post=37538"}],"curies":[{"name":"wp","href":"https:\/\/api.w.org\/{rel}","templated":true}]}}