{"id":37517,"date":"2022-01-18T08:34:30","date_gmt":"2022-01-18T11:34:30","guid":{"rendered":"http:\/\/www.sincomam.org.br\/?p=37517"},"modified":"2022-01-18T01:39:21","modified_gmt":"2022-01-18T04:39:21","slug":"omicron-aumenta-os-casos-de-infeccao-de-brasileiros-dentro-de-casa","status":"publish","type":"post","link":"https:\/\/www.sincomam.org.br\/index.php\/omicron-aumenta-os-casos-de-infeccao-de-brasileiros-dentro-de-casa\/","title":{"rendered":"\u00d4micron aumenta os casos de infec\u00e7\u00e3o de brasileiros dentro de casa"},"content":{"rendered":"<p>A vacina\u00e7\u00e3o de crian\u00e7as \u00e9 especialmente importante porque a \u00f4micron tem aumentado a chamada contamina\u00e7\u00e3o intrafamiliar: dentro de casa. Se a preocupa\u00e7\u00e3o com a contamina\u00e7\u00e3o sempre foi maior da porta de casa para fora, com a \u00f4micron \u00e9 um pouco diferente. A Organiza\u00e7\u00e3o Mundial da Sa\u00fade diz que os casos de transmiss\u00e3o dentro da pr\u00f3pria fam\u00edlia aumentaram com o surgimento da variante.<\/p>\n<p>Um estudo publicado pela ag\u00eancia de sa\u00fade do Reino Unido constatou que, em 8,3% dos casos, pessoas infectadas com a variante delta contaminaram mais algu\u00e9m da fam\u00edlia. Com a \u00f4micron, o n\u00famero sobe para 19%. No Brasil, no pronto atendimento dos hospitais, os m\u00e9dicos tamb\u00e9m perceberam outra mudan\u00e7a na din\u00e2mica da pandemia.<\/p>\n<p>Os epidemiologistas dizem que o que se v\u00ea nos hospitais faz todo sentido. As crian\u00e7as s\u00e3o hoje o grupo mais vulner\u00e1vel porque ainda n\u00e3o est\u00e3o protegidas pela vacina. Se elas ficam doentes, a carga viral \u00e9 alta e, portanto, t\u00eam mais chance de transmitir o v\u00edrus do que uma pessoa que pegou Covid, mas est\u00e1 imunizada. Por isso, a epidemiologista Ethel Maciel refor\u00e7a: vacinar as crian\u00e7as \u00e9 uma estrat\u00e9gia de conten\u00e7\u00e3o da pandemia. <\/p>\n<p>Fonte: G1<\/p>\n","protected":false},"excerpt":{"rendered":"<p>A vacina\u00e7\u00e3o de crian\u00e7as \u00e9 especialmente importante porque a \u00f4micron tem aumentado a chamada contamina\u00e7\u00e3o intrafamiliar: dentro de casa. Se a preocupa\u00e7\u00e3o com a contamina\u00e7\u00e3o&#8230;<\/p>\n","protected":false},"author":1527,"featured_media":37491,"comment_status":"closed","ping_status":"closed","sticky":false,"template":"","format":"standard","meta":{"footnotes":""},"categories":[6],"tags":[],"class_list":["post-37517","post","type-post","status-publish","format-standard","has-post-thumbnail","hentry","category-noticias"],"_links":{"self":[{"href":"https:\/\/www.sincomam.org.br\/index.php\/wp-json\/wp\/v2\/posts\/37517","targetHints":{"allow":["GET"]}}],"collection":[{"href":"https:\/\/www.sincomam.org.br\/index.php\/wp-json\/wp\/v2\/posts"}],"about":[{"href":"https:\/\/www.sincomam.org.br\/index.php\/wp-json\/wp\/v2\/types\/post"}],"author":[{"embeddable":true,"href":"https:\/\/www.sincomam.org.br\/index.php\/wp-json\/wp\/v2\/users\/1527"}],"replies":[{"embeddable":true,"href":"https:\/\/www.sincomam.org.br\/index.php\/wp-json\/wp\/v2\/comments?post=37517"}],"version-history":[{"count":1,"href":"https:\/\/www.sincomam.org.br\/index.php\/wp-json\/wp\/v2\/posts\/37517\/revisions"}],"predecessor-version":[{"id":37518,"href":"https:\/\/www.sincomam.org.br\/index.php\/wp-json\/wp\/v2\/posts\/37517\/revisions\/37518"}],"wp:featuredmedia":[{"embeddable":true,"href":"https:\/\/www.sincomam.org.br\/index.php\/wp-json\/wp\/v2\/media\/37491"}],"wp:attachment":[{"href":"https:\/\/www.sincomam.org.br\/index.php\/wp-json\/wp\/v2\/media?parent=37517"}],"wp:term":[{"taxonomy":"category","embeddable":true,"href":"https:\/\/www.sincomam.org.br\/index.php\/wp-json\/wp\/v2\/categories?post=37517"},{"taxonomy":"post_tag","embeddable":true,"href":"https:\/\/www.sincomam.org.br\/index.php\/wp-json\/wp\/v2\/tags?post=37517"}],"curies":[{"name":"wp","href":"https:\/\/api.w.org\/{rel}","templated":true}]}}