{"id":37510,"date":"2022-01-18T08:30:50","date_gmt":"2022-01-18T11:30:50","guid":{"rendered":"http:\/\/www.sincomam.org.br\/?p=37510"},"modified":"2022-01-18T01:33:19","modified_gmt":"2022-01-18T04:33:19","slug":"vale-e-multada-em-r-5-milhoes-por-contaminacao-de-minerio-em-area-de-preservacao-em-mangaratiba-terminal-de-exportacao-da-empresa-esta-co","status":"publish","type":"post","link":"https:\/\/www.sincomam.org.br\/index.php\/vale-e-multada-em-r-5-milhoes-por-contaminacao-de-minerio-em-area-de-preservacao-em-mangaratiba-terminal-de-exportacao-da-empresa-esta-co\/","title":{"rendered":"Vale \u00e9 multada em R$ 5 milh\u00f5es por contamina\u00e7\u00e3o de min\u00e9rio em \u00e1rea de preserva\u00e7\u00e3o em Mangaratiba Terminal de exporta\u00e7\u00e3o da empresa est\u00e1 co"},"content":{"rendered":"<p>Um terminal de exporta\u00e7\u00e3o de min\u00e9rio da Vale est\u00e1 contaminando o mar e a mata de uma \u00e1rea de preserva\u00e7\u00e3o em Mangaratiba, na Costa Verde. \u00c9 o que afirma a prefeitura da cidade, que, este m\u00eas, multou a empresa em R$ 5 milh\u00f5es.<\/p>\n<p>A unidade j\u00e1 tinha sido interditada ano passado, mas voltou a operar. O munic\u00edpio afirma que a licen\u00e7a ambiental do terminal, concedida pelo Instituto Estadual do Ambiente (Inea) est\u00e1 vencida h\u00e1 dez anos. Enquanto a burocracia n\u00e3o se resolve, a natureza paga.<\/p>\n<p>Isso \u00e9 constatado numa per\u00edcia a que o RJ2 teve acesso, mostrando a presen\u00e7a de metais pesados, em n\u00edveis muito acima do permitido, em mexilh\u00f5es e outros pescados na ba\u00eda.<\/p>\n<p>Em Mangaratiba, a equipe de reportagem embarcou com funcion\u00e1rios da Secretaria Municipal do Meio Ambiente para uma fiscaliza\u00e7\u00e3o ao terminal Ilha Gua\u00edba, operado pela Vale, que fica a 15 minutos do continente. O local \u00e9 dentro de um pequeno para\u00edso, num peda\u00e7o de Mata Atl\u00e2ntica com lindas praias de areia branca frequentado por turistas.<\/p>\n<p>No remanso de paz, a natureza vem sofrendo silenciosamente. S\u00f3 quem mora l\u00e1 h\u00e1 muito tempo percebe a mudan\u00e7a. M\u00e1rcio de Souza, ex-funcion\u00e1rio da Vale e que hoje trabalha num restaurante, relata que peixes, tatu\u00eds, baratas d&#8217;\u00e1gua e mexilh\u00f5es sumiram. Ele atribui isso ao min\u00e9rio.<\/p>\n<p>O terminal, que existe h\u00e1 quase cinco d\u00e9cadas, fica numa \u00e1rea de prote\u00e7\u00e3o ambiental. O RJ2 flagrou uma fam\u00edlia de botos nadando perto dos imensos navios cargueiros, que levam min\u00e9rio de ferro para a Europa, \u00c1sia e outras partes do mundo. H\u00e1 pelo menos tr\u00eas anos, o Minist\u00e9rio P\u00fablico e a Prefeitura de Mangaratiba v\u00eam recebendo den\u00fancias e identificaram uma s\u00e9rie de problemas no local.<\/p>\n<p><strong>Min\u00e9rio lan\u00e7ado no mar<\/strong><br \/>\nUm v\u00eddeo obtido pela equipe de reportagem mostra o min\u00e9rio sendo lan\u00e7ado no mar. Segundo as autoridades ambientais, o terminal n\u00e3o possui uma esta\u00e7\u00e3o de tratamento de efluentes. E os rejeitos ficam depositados diretamente sobre o solo. Com isso, o min\u00e9rio acaba penetrando e contaminando o len\u00e7ol fre\u00e1tico. Al\u00e9m disso, o deque de conten\u00e7\u00e3o, cheio de \u00e1gua, se rompeu recentemente, segundo os fiscais.<\/p>\n<p>Durante a visita, os fiscais identificaram trabalhadores fazendo obras de manuten\u00e7\u00e3o sem autoriza\u00e7\u00e3o do munic\u00edpio e usando \u00e1gua para limpar o min\u00e9rio depositado sobre o deque. As atividades s\u00e3o consideradas irregulares.<\/p>\n<p>&#8220;Manuten\u00e7\u00e3o como essa tem que ser autorizada e, como voc\u00eas viram, n\u00e3o tem orienta\u00e7\u00e3o, descarte direto no ecossistema. (&#8230;) Na realidade, eles est\u00e3o tirando a base que forma uma camada de min\u00e9rio&#8221;, afirmou o secret\u00e1rio municipal de Meio Ambiente de Mangaratiba, Ant\u00f4nio Marcos Barreto. O chefe da pasta complementa afirmando que a a\u00e7\u00e3o contamina o mar.<\/p>\n<p><strong>Den\u00fancias ao MPF<\/strong><br \/>\nAs v\u00e1rias den\u00fancias de crimes ambientais motivaram o Minist\u00e9rio P\u00fablico Federal (MPF) a determinar uma per\u00edcia na Ilha Gua\u00edba. O objetivo \u00e9 determinar o impacto da atividade da Vale no meio ambiente.<\/p>\n<p>Fonte: G1<\/p>\n","protected":false},"excerpt":{"rendered":"<p>Um terminal de exporta\u00e7\u00e3o de min\u00e9rio da Vale est\u00e1 contaminando o mar e a mata de uma \u00e1rea de preserva\u00e7\u00e3o em Mangaratiba, na Costa Verde&#8230;.<\/p>\n","protected":false},"author":1527,"featured_media":37511,"comment_status":"closed","ping_status":"closed","sticky":false,"template":"","format":"standard","meta":{"footnotes":""},"categories":[6],"tags":[],"class_list":["post-37510","post","type-post","status-publish","format-standard","has-post-thumbnail","hentry","category-noticias"],"_links":{"self":[{"href":"https:\/\/www.sincomam.org.br\/index.php\/wp-json\/wp\/v2\/posts\/37510","targetHints":{"allow":["GET"]}}],"collection":[{"href":"https:\/\/www.sincomam.org.br\/index.php\/wp-json\/wp\/v2\/posts"}],"about":[{"href":"https:\/\/www.sincomam.org.br\/index.php\/wp-json\/wp\/v2\/types\/post"}],"author":[{"embeddable":true,"href":"https:\/\/www.sincomam.org.br\/index.php\/wp-json\/wp\/v2\/users\/1527"}],"replies":[{"embeddable":true,"href":"https:\/\/www.sincomam.org.br\/index.php\/wp-json\/wp\/v2\/comments?post=37510"}],"version-history":[{"count":2,"href":"https:\/\/www.sincomam.org.br\/index.php\/wp-json\/wp\/v2\/posts\/37510\/revisions"}],"predecessor-version":[{"id":37513,"href":"https:\/\/www.sincomam.org.br\/index.php\/wp-json\/wp\/v2\/posts\/37510\/revisions\/37513"}],"wp:featuredmedia":[{"embeddable":true,"href":"https:\/\/www.sincomam.org.br\/index.php\/wp-json\/wp\/v2\/media\/37511"}],"wp:attachment":[{"href":"https:\/\/www.sincomam.org.br\/index.php\/wp-json\/wp\/v2\/media?parent=37510"}],"wp:term":[{"taxonomy":"category","embeddable":true,"href":"https:\/\/www.sincomam.org.br\/index.php\/wp-json\/wp\/v2\/categories?post=37510"},{"taxonomy":"post_tag","embeddable":true,"href":"https:\/\/www.sincomam.org.br\/index.php\/wp-json\/wp\/v2\/tags?post=37510"}],"curies":[{"name":"wp","href":"https:\/\/api.w.org\/{rel}","templated":true}]}}