{"id":3751,"date":"2014-02-21T11:07:38","date_gmt":"2014-02-21T14:07:38","guid":{"rendered":"http:\/\/www.sincomam.org.br\/?p=3751"},"modified":"2014-02-21T11:07:38","modified_gmt":"2014-02-21T14:07:38","slug":"osx-e-ogx-terao-processos-judiciais-separados","status":"publish","type":"post","link":"https:\/\/www.sincomam.org.br\/index.php\/osx-e-ogx-terao-processos-judiciais-separados\/","title":{"rendered":"OSX e OGX ter\u00e3o processos judiciais separados"},"content":{"rendered":"<p>A 14\u00aa C\u00e2mara C\u00edvel do Rio de Janeiro julgou\u00a0nesta quarta-feira, 19, uma s\u00e9rie de recursos nos casos de recupera\u00e7\u00e3o judicial das empresas X. O desembargador Gilberto Guarino acatou um pedido da espanhola Acciona contra a tramita\u00e7\u00e3o conjunta dos processos de OSX e \u00d3leo e G\u00e1s Participa\u00e7\u00f5es (ex-OGX). As a\u00e7\u00f5es ser\u00e3o desmembradas. J\u00e1 a OGX conseguiu decis\u00e3o definitiva em favor da inclus\u00e3o de suas subsidi\u00e1rias estrangeiras na recupera\u00e7\u00e3o em curso.<\/p>\n<p>At\u00e9 ent\u00e3o a 4\u00aa Vara Empresarial respondia tanto pela recupera\u00e7\u00e3o da petroleira, quanto do bra\u00e7o de constru\u00e7\u00e3o naval do grupo de Eike Batista. A Deloitte havia sido designada como administradora judicial de ambos os casos.<\/p>\n<p>Agora, o processo da OSX ser\u00e1 redistribu\u00eddo para outra vara. O juiz sorteado determinar\u00e1 se os atos praticados at\u00e9 aqui continuam valendo. Ele poder\u00e1 escolher um outro administrador judicial para acompanhar o processo, assim como fixar seus honor\u00e1rios no caso.<\/p>\n<p>Esse tipo de mudan\u00e7a pode atrasar o andamento da recupera\u00e7\u00e3o do estaleiro. Por enquanto, a OSX tem at\u00e9 10 de mar\u00e7o para apresentar seu plano de recupera\u00e7\u00e3o. Em nota, a companhia avaliou que a decis\u00e3o n\u00e3o traz preju\u00edzo ao plano. Assessorada pelo escrit\u00f3rio Antonelli &amp; Associados, a Acciona alegou que os processos deveriam ser desmembrados porque os grupos t\u00eam situa\u00e7\u00f5es financeiras distintas e a OSX teria, a seu ver, mais condi\u00e7\u00f5es de se recuperar da crise. A fornecedora espanhola tem um cr\u00e9dito de R$ 300 milh\u00f5es a receber.<\/p>\n<p>Fonte: Ag\u00eancia Estado<\/p>\n","protected":false},"excerpt":{"rendered":"<p>A 14\u00aa C\u00e2mara C\u00edvel do Rio de Janeiro julgou\u00a0nesta quarta-feira, 19, uma s\u00e9rie de recursos nos casos de recupera\u00e7\u00e3o judicial das empresas X. O desembargador&#8230;<\/p>\n","protected":false},"author":1182,"featured_media":3640,"comment_status":"closed","ping_status":"closed","sticky":false,"template":"","format":"standard","meta":{"footnotes":""},"categories":[6],"tags":[145,120,455,530,531],"class_list":["post-3751","post","type-post","status-publish","format-standard","has-post-thumbnail","hentry","category-noticias","tag-justica","tag-ogx","tag-osx","tag-processos","tag-separacao"],"_links":{"self":[{"href":"https:\/\/www.sincomam.org.br\/index.php\/wp-json\/wp\/v2\/posts\/3751","targetHints":{"allow":["GET"]}}],"collection":[{"href":"https:\/\/www.sincomam.org.br\/index.php\/wp-json\/wp\/v2\/posts"}],"about":[{"href":"https:\/\/www.sincomam.org.br\/index.php\/wp-json\/wp\/v2\/types\/post"}],"author":[{"embeddable":true,"href":"https:\/\/www.sincomam.org.br\/index.php\/wp-json\/wp\/v2\/users\/1182"}],"replies":[{"embeddable":true,"href":"https:\/\/www.sincomam.org.br\/index.php\/wp-json\/wp\/v2\/comments?post=3751"}],"version-history":[{"count":1,"href":"https:\/\/www.sincomam.org.br\/index.php\/wp-json\/wp\/v2\/posts\/3751\/revisions"}],"predecessor-version":[{"id":3752,"href":"https:\/\/www.sincomam.org.br\/index.php\/wp-json\/wp\/v2\/posts\/3751\/revisions\/3752"}],"wp:featuredmedia":[{"embeddable":true,"href":"https:\/\/www.sincomam.org.br\/index.php\/wp-json\/wp\/v2\/media\/3640"}],"wp:attachment":[{"href":"https:\/\/www.sincomam.org.br\/index.php\/wp-json\/wp\/v2\/media?parent=3751"}],"wp:term":[{"taxonomy":"category","embeddable":true,"href":"https:\/\/www.sincomam.org.br\/index.php\/wp-json\/wp\/v2\/categories?post=3751"},{"taxonomy":"post_tag","embeddable":true,"href":"https:\/\/www.sincomam.org.br\/index.php\/wp-json\/wp\/v2\/tags?post=3751"}],"curies":[{"name":"wp","href":"https:\/\/api.w.org\/{rel}","templated":true}]}}