{"id":37502,"date":"2022-01-17T10:50:33","date_gmt":"2022-01-17T13:50:33","guid":{"rendered":"http:\/\/www.sincomam.org.br\/?p=37502"},"modified":"2022-01-17T10:52:39","modified_gmt":"2022-01-17T13:52:39","slug":"termeletrica-a-gas-natural-em-pecem-tera-investimento-de-quase-r-5-bilhoes","status":"publish","type":"post","link":"https:\/\/www.sincomam.org.br\/index.php\/termeletrica-a-gas-natural-em-pecem-tera-investimento-de-quase-r-5-bilhoes\/","title":{"rendered":"Termel\u00e9trica a g\u00e1s natural em Pec\u00e9m ter\u00e1 investimento de quase R$ 5 bilh\u00f5es"},"content":{"rendered":"<p>O governador do Cear\u00e1, Camilo Santana anunciou o cons\u00f3rcio Portocem como o vencedor do leil\u00e3o para implanta\u00e7\u00e3o da Usina Termel\u00e9trica a G\u00e1s Natural na Zona de Processamento de Exporta\u00e7\u00e3o (ZPE) do Complexo do Pec\u00e9m, em S\u00e3o Gon\u00e7alo do Amarante. Liderado pela estadunidense Ceiba Energy, empresa que possui, desenvolve e opera ativos de gera\u00e7\u00e3o de energia na Am\u00e9rica Latina, e projetado pela Ponte Nova Energia, o cons\u00f3rcio Portocem investir\u00e1 quase R$ 5 bilh\u00f5es para a instala\u00e7\u00e3o da unidade que ter\u00e1 uma pot\u00eancia de 1.571 MW, refor\u00e7ando ainda mais a seguran\u00e7a energ\u00e9tica do Cear\u00e1 e do Brasil. A Shell ser\u00e1 respons\u00e1vel pelo suprimento de g\u00e1s para a UTE.<\/p>\n<p>Segundo o chefe do Executivo estadual, a iniciativa representa mais desenvolvimento econ\u00f4mico e social. \u201cDepois do grande investimento que o Cear\u00e1 recebeu da sider\u00fargica, esse vai ser o segundo maior investimento privado da hist\u00f3ria do Cear\u00e1. A Ceiba vai viabilizar todo o fornecimento de g\u00e1s para Ceg\u00e1s, para o Estado do Cear\u00e1, inclusive podendo fornecer para outros estados. O investimento ser\u00e1 de quase R$ 5 bilh\u00f5es. Durante a constru\u00e7\u00e3o da unidade ser\u00e3o gerados mais de tr\u00eas mil empregos, e mais de 800 empregos durante o seu funcionamento no Cear\u00e1\u201d, comemorou Camilo Santana.<\/p>\n<p>Fonte: Portos e Navios<\/p>\n","protected":false},"excerpt":{"rendered":"<p>O governador do Cear\u00e1, Camilo Santana anunciou o cons\u00f3rcio Portocem como o vencedor do leil\u00e3o para implanta\u00e7\u00e3o da Usina Termel\u00e9trica a G\u00e1s Natural na Zona&#8230;<\/p>\n","protected":false},"author":1527,"featured_media":37503,"comment_status":"closed","ping_status":"closed","sticky":false,"template":"","format":"standard","meta":{"footnotes":""},"categories":[6],"tags":[],"class_list":["post-37502","post","type-post","status-publish","format-standard","has-post-thumbnail","hentry","category-noticias"],"_links":{"self":[{"href":"https:\/\/www.sincomam.org.br\/index.php\/wp-json\/wp\/v2\/posts\/37502","targetHints":{"allow":["GET"]}}],"collection":[{"href":"https:\/\/www.sincomam.org.br\/index.php\/wp-json\/wp\/v2\/posts"}],"about":[{"href":"https:\/\/www.sincomam.org.br\/index.php\/wp-json\/wp\/v2\/types\/post"}],"author":[{"embeddable":true,"href":"https:\/\/www.sincomam.org.br\/index.php\/wp-json\/wp\/v2\/users\/1527"}],"replies":[{"embeddable":true,"href":"https:\/\/www.sincomam.org.br\/index.php\/wp-json\/wp\/v2\/comments?post=37502"}],"version-history":[{"count":2,"href":"https:\/\/www.sincomam.org.br\/index.php\/wp-json\/wp\/v2\/posts\/37502\/revisions"}],"predecessor-version":[{"id":37505,"href":"https:\/\/www.sincomam.org.br\/index.php\/wp-json\/wp\/v2\/posts\/37502\/revisions\/37505"}],"wp:featuredmedia":[{"embeddable":true,"href":"https:\/\/www.sincomam.org.br\/index.php\/wp-json\/wp\/v2\/media\/37503"}],"wp:attachment":[{"href":"https:\/\/www.sincomam.org.br\/index.php\/wp-json\/wp\/v2\/media?parent=37502"}],"wp:term":[{"taxonomy":"category","embeddable":true,"href":"https:\/\/www.sincomam.org.br\/index.php\/wp-json\/wp\/v2\/categories?post=37502"},{"taxonomy":"post_tag","embeddable":true,"href":"https:\/\/www.sincomam.org.br\/index.php\/wp-json\/wp\/v2\/tags?post=37502"}],"curies":[{"name":"wp","href":"https:\/\/api.w.org\/{rel}","templated":true}]}}