{"id":37495,"date":"2022-01-17T10:45:29","date_gmt":"2022-01-17T13:45:29","guid":{"rendered":"http:\/\/www.sincomam.org.br\/?p=37495"},"modified":"2022-01-17T10:45:29","modified_gmt":"2022-01-17T13:45:29","slug":"estacao-movel-mede-qualidade-do-ar-no-complexo-de-suape","status":"publish","type":"post","link":"https:\/\/www.sincomam.org.br\/index.php\/estacao-movel-mede-qualidade-do-ar-no-complexo-de-suape\/","title":{"rendered":"Esta\u00e7\u00e3o m\u00f3vel mede qualidade do ar no Complexo de Suape"},"content":{"rendered":"<p>O Complexo Industrial Portu\u00e1rio de Suape come\u00e7a, ainda este m\u00eas, a monitorar a qualidade do ar com a instala\u00e7\u00e3o de uma esta\u00e7\u00e3o m\u00f3vel no territ\u00f3rio da estatal, que ocupa \u00e1rea de 13,5 hectares entre os munic\u00edpios do Cabo de Santo Agostinho e Ipojuca, no Grande Recife. O maquin\u00e1rio analisar\u00e1 a qualidade do ar da zona industrial portu\u00e1ria com a finalidade de fiscalizar e gerenciar a emiss\u00e3o de subst\u00e2ncias presentes na atmosfera e potencialmente nocivas ao sistema respirat\u00f3rio das pessoas.<\/p>\n<p>A qualidade do ar \u00e9 um importante indicador do \u00cdndice de Desempenho Ambiental (IDA) da Ag\u00eancia Nacional de Transporte Aquavi\u00e1rio (Antaq), que serve como instrumento de acompanhamento e controle de gest\u00e3o ambiental em instala\u00e7\u00f5es portu\u00e1rias. A esta\u00e7\u00e3o m\u00f3vel consolida os resultados de forma online e em tempo real e encaminha os dados \u00e0 central de supervis\u00e3o, para acompanhamento da varia\u00e7\u00e3o dos n\u00edveis de leitura realizados durante a checagem di\u00e1ria.<\/p>\n<p>\u201cO objetivo do monitoramento \u00e9 avaliar as concentra\u00e7\u00f5es de materiais particulados inal\u00e1veis e gases (\u00f3xido de nitrog\u00eanio, mon\u00f3xido de carbono e di\u00f3xido de enxofre) oriundos da bacia a\u00e9rea do porto e comparar as concentra\u00e7\u00f5es m\u00e9dias di\u00e1rias em rela\u00e7\u00e3o aos limites estabelecidos por resolu\u00e7\u00e3o do Conselho Nacional do Meio Ambiente (Conama). A gest\u00e3o ambiental \u00e9 muito importante para assegurar que, durante as opera\u00e7\u00f5es, sejam evitados poss\u00edveis impactos ambientais, incluindo os que est\u00e3o associados \u00e0s caracter\u00edsticas do ar\u201d, diz o diretor de Meio Ambiente e Sustentabilidade de Suape, Carlos Cavalcanti.<\/p>\n<p>Fonte: Portos e Navios<\/p>\n","protected":false},"excerpt":{"rendered":"<p>O Complexo Industrial Portu\u00e1rio de Suape come\u00e7a, ainda este m\u00eas, a monitorar a qualidade do ar com a instala\u00e7\u00e3o de uma esta\u00e7\u00e3o m\u00f3vel no territ\u00f3rio&#8230;<\/p>\n","protected":false},"author":1527,"featured_media":37496,"comment_status":"closed","ping_status":"closed","sticky":false,"template":"","format":"standard","meta":{"footnotes":""},"categories":[6],"tags":[],"class_list":["post-37495","post","type-post","status-publish","format-standard","has-post-thumbnail","hentry","category-noticias"],"_links":{"self":[{"href":"https:\/\/www.sincomam.org.br\/index.php\/wp-json\/wp\/v2\/posts\/37495","targetHints":{"allow":["GET"]}}],"collection":[{"href":"https:\/\/www.sincomam.org.br\/index.php\/wp-json\/wp\/v2\/posts"}],"about":[{"href":"https:\/\/www.sincomam.org.br\/index.php\/wp-json\/wp\/v2\/types\/post"}],"author":[{"embeddable":true,"href":"https:\/\/www.sincomam.org.br\/index.php\/wp-json\/wp\/v2\/users\/1527"}],"replies":[{"embeddable":true,"href":"https:\/\/www.sincomam.org.br\/index.php\/wp-json\/wp\/v2\/comments?post=37495"}],"version-history":[{"count":1,"href":"https:\/\/www.sincomam.org.br\/index.php\/wp-json\/wp\/v2\/posts\/37495\/revisions"}],"predecessor-version":[{"id":37497,"href":"https:\/\/www.sincomam.org.br\/index.php\/wp-json\/wp\/v2\/posts\/37495\/revisions\/37497"}],"wp:featuredmedia":[{"embeddable":true,"href":"https:\/\/www.sincomam.org.br\/index.php\/wp-json\/wp\/v2\/media\/37496"}],"wp:attachment":[{"href":"https:\/\/www.sincomam.org.br\/index.php\/wp-json\/wp\/v2\/media?parent=37495"}],"wp:term":[{"taxonomy":"category","embeddable":true,"href":"https:\/\/www.sincomam.org.br\/index.php\/wp-json\/wp\/v2\/categories?post=37495"},{"taxonomy":"post_tag","embeddable":true,"href":"https:\/\/www.sincomam.org.br\/index.php\/wp-json\/wp\/v2\/tags?post=37495"}],"curies":[{"name":"wp","href":"https:\/\/api.w.org\/{rel}","templated":true}]}}