{"id":37490,"date":"2022-01-17T10:40:10","date_gmt":"2022-01-17T13:40:10","guid":{"rendered":"http:\/\/www.sincomam.org.br\/?p=37490"},"modified":"2022-01-17T10:40:10","modified_gmt":"2022-01-17T13:40:10","slug":"capitais-continuam-vacinacao-de-criancas-nesta-semana-confira-o-calendario","status":"publish","type":"post","link":"https:\/\/www.sincomam.org.br\/index.php\/capitais-continuam-vacinacao-de-criancas-nesta-semana-confira-o-calendario\/","title":{"rendered":"Capitais continuam vacina\u00e7\u00e3o de crian\u00e7as nesta semana; confira o calend\u00e1rio"},"content":{"rendered":"<p>A vacina\u00e7\u00e3o de crian\u00e7as entre 5 e 11 anos contra a Covid-19 no Brasil teve in\u00edcio neste fim de semana. As primeiras doses do imunizante pedi\u00e1trico da Pfizer chegaram ao pa\u00eds na \u00faltima quinta-feira (13). e um novo lote foi entregue neste domingo (16).<\/p>\n<p>S\u00e3o Paulo foi o primeiro estado a vacinar uma crian\u00e7a contra a doen\u00e7a. Em ato simb\u00f3lico, o ind\u00edgena Davi Seremramiwe, de 8 anos, recebeu a primeira dose do imunizante. A expectativa \u00e9 que a Pfizer entregue ao Brasil 20 milh\u00f5es de doses at\u00e9 o fim de mar\u00e7o.<\/p>\n<p>As campanhas de vacina\u00e7\u00e3o pelo pa\u00eds tiveram in\u00edcio efetivo no \u00faltimo s\u00e1bado (15), em nove capitais: Florian\u00f3polis, Belo Horizonte, Campo Grande, Salvador, S\u00e3o Lu\u00eds, Fortaleza, Aracaju, Vit\u00f3ria e Recife. J\u00e1 no domingo (16), foi a vez de Bras\u00edlia e Jo\u00e3o Pessoa iniciarem a imuniza\u00e7\u00e3o do grupo.<\/p>\n<p>Nesta segunda-feira (17), 10 capitais iniciam a vacina\u00e7\u00e3o e outras duas abrem o cadastro. As crian\u00e7as come\u00e7ar\u00e3o a ser imunizadas em Bel\u00e9m, S\u00e3o Paulo, Rio de Janeiro, Goi\u00e2nia, Macei\u00f3, Manaus, Porto Velho, Curitiba, Macap\u00e1 e Rio Branco. As cidades de Teresina e Cuiab\u00e1 v\u00e3o abrir o cadastro nesta segunda, mas o in\u00edcio da vacina\u00e7\u00e3o ainda ser\u00e1 definido.<\/p>\n<p>Ao longo da semana, outras tr\u00eas capitais v\u00e3o iniciar a vacina\u00e7\u00e3o do grupo: Natal, nesta ter\u00e7a-feira (18), Porto Alegre, na quarta(19), e Palmas, na quinta (20). A cidade de Boa Vista, capital de Roraima, \u00e9 a \u00fanica que ainda n\u00e3o detalhou qualquer informa\u00e7\u00e3o sobre a vacina\u00e7\u00e3o infantil, alegando que ainda est\u00e1 sendo organizado.<\/p>\n<p><strong>Confira o calend\u00e1rio de vacina\u00e7\u00e3o nas capitais<\/strong><br \/>\n<strong>*Segunda-feira (17\/01):<\/strong><br \/>\nBel\u00e9m<br \/>\nS\u00e3o Paulo<br \/>\nRio de Janeiro<br \/>\nGoi\u00e2nia<br \/>\nMacei\u00f3<br \/>\nManaus<br \/>\nPorto Velho<br \/>\nCuritiba<br \/>\nMacap\u00e1<br \/>\nRio Branco<br \/>\nTeresina (Cadastro para vacina\u00e7\u00e3o apenas)<br \/>\nCuiab\u00e1 (Cadastro para vacina\u00e7\u00e3o apenas)<\/p>\n<p><strong>*Ter\u00e7a-feira (18\/01):<\/strong><br \/>\nNatal<\/p>\n<p><strong>*Quarta-feira (19\/01):<\/strong><br \/>\nPorto Alegre<\/p>\n<p><strong>*Quinta-feira (20\/01):<\/strong><br \/>\nPalmas<\/p>\n<p><strong>*Indefinido:<\/strong><br \/>\nBoa Vista<\/p>\n<p>&nbsp;<\/p>\n<p>Fonte: CNN<\/p>\n","protected":false},"excerpt":{"rendered":"<p>A vacina\u00e7\u00e3o de crian\u00e7as entre 5 e 11 anos contra a Covid-19 no Brasil teve in\u00edcio neste fim de semana. As primeiras doses do imunizante&#8230;<\/p>\n","protected":false},"author":1527,"featured_media":0,"comment_status":"closed","ping_status":"closed","sticky":false,"template":"","format":"standard","meta":{"footnotes":""},"categories":[6],"tags":[],"class_list":["post-37490","post","type-post","status-publish","format-standard","hentry","category-noticias"],"_links":{"self":[{"href":"https:\/\/www.sincomam.org.br\/index.php\/wp-json\/wp\/v2\/posts\/37490","targetHints":{"allow":["GET"]}}],"collection":[{"href":"https:\/\/www.sincomam.org.br\/index.php\/wp-json\/wp\/v2\/posts"}],"about":[{"href":"https:\/\/www.sincomam.org.br\/index.php\/wp-json\/wp\/v2\/types\/post"}],"author":[{"embeddable":true,"href":"https:\/\/www.sincomam.org.br\/index.php\/wp-json\/wp\/v2\/users\/1527"}],"replies":[{"embeddable":true,"href":"https:\/\/www.sincomam.org.br\/index.php\/wp-json\/wp\/v2\/comments?post=37490"}],"version-history":[{"count":1,"href":"https:\/\/www.sincomam.org.br\/index.php\/wp-json\/wp\/v2\/posts\/37490\/revisions"}],"predecessor-version":[{"id":37492,"href":"https:\/\/www.sincomam.org.br\/index.php\/wp-json\/wp\/v2\/posts\/37490\/revisions\/37492"}],"wp:attachment":[{"href":"https:\/\/www.sincomam.org.br\/index.php\/wp-json\/wp\/v2\/media?parent=37490"}],"wp:term":[{"taxonomy":"category","embeddable":true,"href":"https:\/\/www.sincomam.org.br\/index.php\/wp-json\/wp\/v2\/categories?post=37490"},{"taxonomy":"post_tag","embeddable":true,"href":"https:\/\/www.sincomam.org.br\/index.php\/wp-json\/wp\/v2\/tags?post=37490"}],"curies":[{"name":"wp","href":"https:\/\/api.w.org\/{rel}","templated":true}]}}