{"id":37470,"date":"2022-01-14T09:55:24","date_gmt":"2022-01-14T12:55:24","guid":{"rendered":"http:\/\/www.sincomam.org.br\/?p=37470"},"modified":"2022-01-14T09:55:24","modified_gmt":"2022-01-14T12:55:24","slug":"capitolio-marinheiros-prestam-homenagem-as-vitimas-do-acidente-na-regiao-dos-canions-no-lago-de-furnas","status":"publish","type":"post","link":"https:\/\/www.sincomam.org.br\/index.php\/capitolio-marinheiros-prestam-homenagem-as-vitimas-do-acidente-na-regiao-dos-canions-no-lago-de-furnas\/","title":{"rendered":"Capit\u00f3lio: marinheiros prestam homenagem \u00e0s v\u00edtimas do acidente na regi\u00e3o dos c\u00e2nions no Lago de Furnas"},"content":{"rendered":"<p>Uma homenagem \u00e0s v\u00edtimas da trag\u00e9dia em Capit\u00f3lio na regi\u00e3o dos c\u00e2nions, foi realizada por marinheiros e donos de embarca\u00e7\u00f5es. Mais de 80 lanchas se reuniram na &#8220;Ilha da Fantasia&#8221; e foram juntos at\u00e9 os c\u00e2nions, onde parte de uma rocha se desprendeu no \u00faltimo s\u00e1bado (8), caiu sobre a \u00e1gua e matou 10 pessoas.<\/p>\n<p>Os marinheiros se vestiram de branco e enfeitaram as embarca\u00e7\u00f5es com bal\u00f5es. No local do acidente os bal\u00f5es foram soltos ao vento como parte da homenagem. Os bal\u00f5es eram biodegrad\u00e1veis e dentro de cada um foram inseridas sementes de v\u00e1rias esp\u00e9cies de \u00e1rvores.<\/p>\n<p>Investiga\u00e7\u00e3o<br \/>\nDesde que parte da rocha se desprendeu e caiu no Lago de Furnas onde navegavam v\u00e1rias embarca\u00e7\u00f5es provocando a morte de dez pessoas e ferindo outras 27, um questionamento segue sem resposta: de quem \u00e9 a responsabilidade de fiscalizar o local do acidente.<\/p>\n<p>Uma equipe de peritos da Pol\u00edcia Civil, especialistas em geologia e um perito da Pol\u00edcia Federal, tamb\u00e9m especialista da \u00e1rea, estiveram no munic\u00edpio na regi\u00e3o dos c\u00e2nions, na quarta (13).<\/p>\n<p>Marinha do Brasil<br \/>\nDesde 2020, a Marinha do Brasil (MB), conta com um ponto de atua\u00e7\u00e3o em Capit\u00f3lio. Desde ent\u00e3o, realiza intensas fiscaliza\u00e7\u00f5es que se limitam a averiguar embarca\u00e7\u00f5es e condutores.<\/p>\n<p>Estado<br \/>\nEm coletiva sobre o assunto na segunda-feira (10), o governador Romeu Zema (Novo) falou por alguns minutos com a imprensa sobre o fato e respondeu perguntas. Em um dos posicionamentos, Zema destacou se tratar de um fato in\u00e9dito.<\/p>\n","protected":false},"excerpt":{"rendered":"<p>Uma homenagem \u00e0s v\u00edtimas da trag\u00e9dia em Capit\u00f3lio na regi\u00e3o dos c\u00e2nions, foi realizada por marinheiros e donos de embarca\u00e7\u00f5es. Mais de 80 lanchas se&#8230;<\/p>\n","protected":false},"author":1527,"featured_media":37472,"comment_status":"closed","ping_status":"closed","sticky":false,"template":"","format":"standard","meta":{"footnotes":""},"categories":[6],"tags":[],"class_list":["post-37470","post","type-post","status-publish","format-standard","has-post-thumbnail","hentry","category-noticias"],"_links":{"self":[{"href":"https:\/\/www.sincomam.org.br\/index.php\/wp-json\/wp\/v2\/posts\/37470","targetHints":{"allow":["GET"]}}],"collection":[{"href":"https:\/\/www.sincomam.org.br\/index.php\/wp-json\/wp\/v2\/posts"}],"about":[{"href":"https:\/\/www.sincomam.org.br\/index.php\/wp-json\/wp\/v2\/types\/post"}],"author":[{"embeddable":true,"href":"https:\/\/www.sincomam.org.br\/index.php\/wp-json\/wp\/v2\/users\/1527"}],"replies":[{"embeddable":true,"href":"https:\/\/www.sincomam.org.br\/index.php\/wp-json\/wp\/v2\/comments?post=37470"}],"version-history":[{"count":1,"href":"https:\/\/www.sincomam.org.br\/index.php\/wp-json\/wp\/v2\/posts\/37470\/revisions"}],"predecessor-version":[{"id":37473,"href":"https:\/\/www.sincomam.org.br\/index.php\/wp-json\/wp\/v2\/posts\/37470\/revisions\/37473"}],"wp:featuredmedia":[{"embeddable":true,"href":"https:\/\/www.sincomam.org.br\/index.php\/wp-json\/wp\/v2\/media\/37472"}],"wp:attachment":[{"href":"https:\/\/www.sincomam.org.br\/index.php\/wp-json\/wp\/v2\/media?parent=37470"}],"wp:term":[{"taxonomy":"category","embeddable":true,"href":"https:\/\/www.sincomam.org.br\/index.php\/wp-json\/wp\/v2\/categories?post=37470"},{"taxonomy":"post_tag","embeddable":true,"href":"https:\/\/www.sincomam.org.br\/index.php\/wp-json\/wp\/v2\/tags?post=37470"}],"curies":[{"name":"wp","href":"https:\/\/api.w.org\/{rel}","templated":true}]}}