{"id":37464,"date":"2022-01-14T09:43:17","date_gmt":"2022-01-14T12:43:17","guid":{"rendered":"http:\/\/www.sincomam.org.br\/?p=37464"},"modified":"2022-01-14T09:43:17","modified_gmt":"2022-01-14T12:43:17","slug":"inss-suspende-temporariamente-pericias-medicas","status":"publish","type":"post","link":"https:\/\/www.sincomam.org.br\/index.php\/inss-suspende-temporariamente-pericias-medicas\/","title":{"rendered":"INSS suspende temporariamente per\u00edcias m\u00e9dicas"},"content":{"rendered":"<p>O Instituto Nacional do Seguro Social (INSS) suspendeu temporariamente a realiza\u00e7\u00e3o de per\u00edcias m\u00e9dicas do Programa de Revis\u00e3o de Benef\u00edcios por Incapacidade. As per\u00edcias s\u00e3o necess\u00e1rias para revis\u00e3o do benef\u00edcio por incapacidade tempor\u00e1ria, antigo aux\u00edlio-doen\u00e7a. A suspens\u00e3o se deu em virtude do aumento de casos de covid-19 no pa\u00eds.<\/p>\n<p>A suspens\u00e3o vale para per\u00edcias marcadas desde o dia 12 de janeiro deste ano. A portaria conjunta do INSS e do Minist\u00e9rio do Trabalho foi publicada nesta quinta-feira (13). Segundo o minist\u00e9rio, as per\u00edcias suspensas ser\u00e3o remarcadas para o segundo semestre, e o INSS comunicar\u00e1 aos segurados a nova data.<\/p>\n<p>Os segurados afetados pela suspens\u00e3o das per\u00edcias continuar\u00e3o recebendo os benef\u00edcios normalmente.<\/p>\n<p>A portaria manteve o atendimento para os casos de mutir\u00f5es de realiza\u00e7\u00e3o de per\u00edcia m\u00e9dica que j\u00e1 estavam previamente programados e com viagens definidas no \u00e2mbito da Subsecretaria da Per\u00edcia M\u00e9dica Federal.<\/p>\n<p>O Brasil vem registrando uma curva acentuada no aumento dos casos de covid-19. Dados de ontem (12) do Minist\u00e9rio da Sa\u00fade registraram 87.471 casos de covid-19 em apenas 24 horas (https:\/\/agenciabrasil.ebc.com.br\/saude\/noticia\/2022-01\/covid-19-brasil-tem-874-mil-casos-e-133-mortes-em-24-horas). H\u00e1 uma semana (5), o n\u00famero de diagn\u00f3sticos positivos foi 27.267, tr\u00eas vezes menor do que o registrado na quarta-feira. J\u00e1 o \u00faltimo dia de 2021 registrou 10.282 casos de covid-19 no Brasil em 24 horas.<\/p>\n<p>Fonte: Ag\u00eancia Brasil<\/p>\n","protected":false},"excerpt":{"rendered":"<p>O Instituto Nacional do Seguro Social (INSS) suspendeu temporariamente a realiza\u00e7\u00e3o de per\u00edcias m\u00e9dicas do Programa de Revis\u00e3o de Benef\u00edcios por Incapacidade. As per\u00edcias s\u00e3o&#8230;<\/p>\n","protected":false},"author":1527,"featured_media":31792,"comment_status":"closed","ping_status":"closed","sticky":false,"template":"","format":"standard","meta":{"footnotes":""},"categories":[6],"tags":[],"class_list":["post-37464","post","type-post","status-publish","format-standard","has-post-thumbnail","hentry","category-noticias"],"_links":{"self":[{"href":"https:\/\/www.sincomam.org.br\/index.php\/wp-json\/wp\/v2\/posts\/37464","targetHints":{"allow":["GET"]}}],"collection":[{"href":"https:\/\/www.sincomam.org.br\/index.php\/wp-json\/wp\/v2\/posts"}],"about":[{"href":"https:\/\/www.sincomam.org.br\/index.php\/wp-json\/wp\/v2\/types\/post"}],"author":[{"embeddable":true,"href":"https:\/\/www.sincomam.org.br\/index.php\/wp-json\/wp\/v2\/users\/1527"}],"replies":[{"embeddable":true,"href":"https:\/\/www.sincomam.org.br\/index.php\/wp-json\/wp\/v2\/comments?post=37464"}],"version-history":[{"count":1,"href":"https:\/\/www.sincomam.org.br\/index.php\/wp-json\/wp\/v2\/posts\/37464\/revisions"}],"predecessor-version":[{"id":37465,"href":"https:\/\/www.sincomam.org.br\/index.php\/wp-json\/wp\/v2\/posts\/37464\/revisions\/37465"}],"wp:featuredmedia":[{"embeddable":true,"href":"https:\/\/www.sincomam.org.br\/index.php\/wp-json\/wp\/v2\/media\/31792"}],"wp:attachment":[{"href":"https:\/\/www.sincomam.org.br\/index.php\/wp-json\/wp\/v2\/media?parent=37464"}],"wp:term":[{"taxonomy":"category","embeddable":true,"href":"https:\/\/www.sincomam.org.br\/index.php\/wp-json\/wp\/v2\/categories?post=37464"},{"taxonomy":"post_tag","embeddable":true,"href":"https:\/\/www.sincomam.org.br\/index.php\/wp-json\/wp\/v2\/tags?post=37464"}],"curies":[{"name":"wp","href":"https:\/\/api.w.org\/{rel}","templated":true}]}}