{"id":37455,"date":"2022-01-13T08:30:40","date_gmt":"2022-01-13T11:30:40","guid":{"rendered":"http:\/\/www.sincomam.org.br\/?p=37455"},"modified":"2022-01-13T01:56:55","modified_gmt":"2022-01-13T04:56:55","slug":"variante-omicron-deixa-10-capitais-em-alerta-critico-e-intermediario","status":"publish","type":"post","link":"https:\/\/www.sincomam.org.br\/index.php\/variante-omicron-deixa-10-capitais-em-alerta-critico-e-intermediario\/","title":{"rendered":"Variante \u00d4micron deixa 10 capitais em alerta cr\u00edtico e intermedi\u00e1rio"},"content":{"rendered":"<p>A Funda\u00e7\u00e3o Oswaldo Cruz (Fiocruz) divulgou uma nota t\u00e9cnica em que informa que um ter\u00e7o das unidades da federa\u00e7\u00e3o e 10 capitais encontram-se nas zonas de alerta intermedi\u00e1rio e cr\u00edtico, segundo an\u00e1lise das taxas do dia 10 de janeiro em compara\u00e7\u00e3o com a s\u00e9rie hist\u00f3rica e considerando a ocupa\u00e7\u00e3o de leitos de UTI Covid-19 para adultos no Sistema \u00danico de Sa\u00fade (SUS). <\/p>\n<p>De acordo com o Observat\u00f3rio Covid-19 da Fiocruz, entre as capitais, Fortaleza (88%), Recife (80%), Belo Horizonte (84%) e Goi\u00e2nia (94%) est\u00e3o na zona de alerta cr\u00edtico e Porto Velho (76%), Macap\u00e1 (60%), Macei\u00f3 (68%), Salvador (68%), Vit\u00f3ria (77%) e Bras\u00edlia (74%) na zona de alerta intermedi\u00e1rio.<\/p>\n<p>Segundo a an\u00e1lise, at\u00e9 o momento, o patamar de leitos \u00e9 diferente do verificado em 2021, mas a funda\u00e7\u00e3o alerta para um crescimento nas taxas de ocupa\u00e7\u00e3o de leitos de UTI diante da ampla e r\u00e1pida prolifera\u00e7\u00e3o da variante \u00d4micron no Brasil. Entretanto a Fiocruz avalia que \u201cmen\u00e7\u00f5es a um poss\u00edvel colapso no sistema de sa\u00fade, neste momento, s\u00e3o incompar\u00e1veis com o que foi vivenciado em 2021\u201d.<\/p>\n<p>De acordo com os pesquisadores do Observat\u00f3rio Covid-19, o n\u00famero de interna\u00e7\u00f5es em UTI hoje ainda \u00e9 predominantemente muito menor do que aquele observado em 2 de agosto do ano passado, por exemplo, quando leitos come\u00e7avam a ser retirados, mas ressalta que o grande volume de casos j\u00e1 est\u00e1 demandando de gestores aten\u00e7\u00e3o e o acionamento de planos de conting\u00eancia.<\/p>\n<p>\u201cSem minimizar preocupa\u00e7\u00f5es com o novo momento da pandemia, consideramos fundamental ratificar a ideia de que temos um outro cen\u00e1rio com a vacina\u00e7\u00e3o e as pr\u00f3prias caracter\u00edsticas das manifesta\u00e7\u00f5es da covid-19 pela \u00d4micron. N\u00e3o podemos deixar de considerar o fato de a ocupa\u00e7\u00e3o de leitos de UTI hoje tamb\u00e9m refletir o uso de servi\u00e7os complexos requeridos por casos da variante Delta e casos de Influenza\u201d, disseram os pesquisadores.<\/p>\n<p>Os pesquisadores alertam ainda que \u00e9 importante tamb\u00e9m reorganizar a rede de servi\u00e7os de sa\u00fade por conta dos desfalques de profissionais afastados por contrair a infec\u00e7\u00e3o, garantir a atua\u00e7\u00e3o eficiente da aten\u00e7\u00e3o prim\u00e1ria em sa\u00fade no atendimento a pacientes empregando, por exemplo, teleatendimento, e prosseguir com a vacina\u00e7\u00e3o da popula\u00e7\u00e3o.<\/p>\n<p>Fonte: Ag\u00eancia Brasil<\/p>\n","protected":false},"excerpt":{"rendered":"<p>A Funda\u00e7\u00e3o Oswaldo Cruz (Fiocruz) divulgou uma nota t\u00e9cnica em que informa que um ter\u00e7o das unidades da federa\u00e7\u00e3o e 10 capitais encontram-se nas zonas&#8230;<\/p>\n","protected":false},"author":1527,"featured_media":37457,"comment_status":"closed","ping_status":"closed","sticky":false,"template":"","format":"standard","meta":{"footnotes":""},"categories":[6],"tags":[],"class_list":["post-37455","post","type-post","status-publish","format-standard","has-post-thumbnail","hentry","category-noticias"],"_links":{"self":[{"href":"https:\/\/www.sincomam.org.br\/index.php\/wp-json\/wp\/v2\/posts\/37455","targetHints":{"allow":["GET"]}}],"collection":[{"href":"https:\/\/www.sincomam.org.br\/index.php\/wp-json\/wp\/v2\/posts"}],"about":[{"href":"https:\/\/www.sincomam.org.br\/index.php\/wp-json\/wp\/v2\/types\/post"}],"author":[{"embeddable":true,"href":"https:\/\/www.sincomam.org.br\/index.php\/wp-json\/wp\/v2\/users\/1527"}],"replies":[{"embeddable":true,"href":"https:\/\/www.sincomam.org.br\/index.php\/wp-json\/wp\/v2\/comments?post=37455"}],"version-history":[{"count":1,"href":"https:\/\/www.sincomam.org.br\/index.php\/wp-json\/wp\/v2\/posts\/37455\/revisions"}],"predecessor-version":[{"id":37458,"href":"https:\/\/www.sincomam.org.br\/index.php\/wp-json\/wp\/v2\/posts\/37455\/revisions\/37458"}],"wp:featuredmedia":[{"embeddable":true,"href":"https:\/\/www.sincomam.org.br\/index.php\/wp-json\/wp\/v2\/media\/37457"}],"wp:attachment":[{"href":"https:\/\/www.sincomam.org.br\/index.php\/wp-json\/wp\/v2\/media?parent=37455"}],"wp:term":[{"taxonomy":"category","embeddable":true,"href":"https:\/\/www.sincomam.org.br\/index.php\/wp-json\/wp\/v2\/categories?post=37455"},{"taxonomy":"post_tag","embeddable":true,"href":"https:\/\/www.sincomam.org.br\/index.php\/wp-json\/wp\/v2\/tags?post=37455"}],"curies":[{"name":"wp","href":"https:\/\/api.w.org\/{rel}","templated":true}]}}