{"id":3744,"date":"2014-02-19T08:04:11","date_gmt":"2014-02-19T11:04:11","guid":{"rendered":"http:\/\/www.sincomam.org.br\/?p=3744"},"modified":"2014-02-19T12:42:57","modified_gmt":"2014-02-19T15:42:57","slug":"tarifas-de-trem-e-do-metro-do-rio-terao-aumento","status":"publish","type":"post","link":"https:\/\/www.sincomam.org.br\/index.php\/tarifas-de-trem-e-do-metro-do-rio-terao-aumento\/","title":{"rendered":"Tarifas de trem e do metr\u00f4 do Rio ter\u00e3o aumento"},"content":{"rendered":"<p><b><i>Passagem subir\u00e1 de R$ 4,50 para R$ 4,80, mas usu\u00e1rios do Bilhete \u00danico Intermunicipal continuar\u00e3o a pagar R$ 3,10<\/i><\/b><\/p>\n<p>As tarifas do metr\u00f4 e dos trens tamb\u00e9m ser\u00e3o reajustadas este ano, com base em percentuais a serem decididos, nas pr\u00f3ximas semanas, pela Ag\u00eancia Reguladora de Transportes (Agetransp).<\/p>\n<p>A informa\u00e7\u00e3o foi confirmada nesta ter\u00e7a-feira (18) pelo secret\u00e1rio da Casa Civil, Regis Fichtner, apenas 18 dias depois de o governo do estado ter anunciado que as passagens permaneceriam congeladas este ano.<\/p>\n<p>Segundo nota divulgada em 31 de janeiro pelo Pal\u00e1cio Guanabara, a medida valeria \u201cat\u00e9 que, completado o ciclo de investimentos nos sistemas de alta capacidade, o usu\u00e1rio possa usufruir do transporte na qualidade que o cidad\u00e3o do Rio de Janeiro merece\u201d.<\/p>\n<p>A Agetransp j\u00e1 havia anunciado que as passagens das barcas \u2014 que segundo a nota divulgada no fim de janeiro tamb\u00e9m ficariam congeladas \u2014 teriam um reajuste de 5,72%, passando de R$ 4,50 para R$ 4,80 no prazo de 30 dias.<\/p>\n<p>Para os usu\u00e1rios do Bilhete \u00danico Estadual (BU), no entanto, as tarifas dever\u00e3o ser mantidas. Mas isso depende da aprova\u00e7\u00e3o de um projeto que o governador S\u00e9rgio Cabral encaminhou \u00e0 Assembleia Legislativa (Alerj) e que ser\u00e1 votado nesta quarta-feira (19), em discuss\u00e3o \u00fanica. A proposta \u00e9 que o passageiro com Bilhete \u00danico continue pagando o mesmo pre\u00e7o \u2014 a chamada tarifa social \u2014, com o estado complementando com subs\u00eddios o restante do valor. Isso j\u00e1 acontece hoje com os \u00f4nibus intermunicipais e as barcas.<\/p>\n<p>Fonte: O Globo Rio<\/p>\n","protected":false},"excerpt":{"rendered":"<p>Passagem subir\u00e1 de R$ 4,50 para R$ 4,80, mas usu\u00e1rios do Bilhete \u00danico Intermunicipal continuar\u00e3o a pagar R$ 3,10 As tarifas do metr\u00f4 e dos&#8230;<\/p>\n","protected":false},"author":1182,"featured_media":3745,"comment_status":"closed","ping_status":"closed","sticky":false,"template":"","format":"standard","meta":{"footnotes":""},"categories":[6],"tags":[405,489,524,525,523,59,526],"class_list":["post-3744","post","type-post","status-publish","format-standard","has-post-thumbnail","hentry","category-noticias","tag-aumento","tag-barcas","tag-metro","tag-onibus","tag-passagens","tag-rio-de-janeiro","tag-trem"],"_links":{"self":[{"href":"https:\/\/www.sincomam.org.br\/index.php\/wp-json\/wp\/v2\/posts\/3744","targetHints":{"allow":["GET"]}}],"collection":[{"href":"https:\/\/www.sincomam.org.br\/index.php\/wp-json\/wp\/v2\/posts"}],"about":[{"href":"https:\/\/www.sincomam.org.br\/index.php\/wp-json\/wp\/v2\/types\/post"}],"author":[{"embeddable":true,"href":"https:\/\/www.sincomam.org.br\/index.php\/wp-json\/wp\/v2\/users\/1182"}],"replies":[{"embeddable":true,"href":"https:\/\/www.sincomam.org.br\/index.php\/wp-json\/wp\/v2\/comments?post=3744"}],"version-history":[{"count":1,"href":"https:\/\/www.sincomam.org.br\/index.php\/wp-json\/wp\/v2\/posts\/3744\/revisions"}],"predecessor-version":[{"id":3746,"href":"https:\/\/www.sincomam.org.br\/index.php\/wp-json\/wp\/v2\/posts\/3744\/revisions\/3746"}],"wp:featuredmedia":[{"embeddable":true,"href":"https:\/\/www.sincomam.org.br\/index.php\/wp-json\/wp\/v2\/media\/3745"}],"wp:attachment":[{"href":"https:\/\/www.sincomam.org.br\/index.php\/wp-json\/wp\/v2\/media?parent=3744"}],"wp:term":[{"taxonomy":"category","embeddable":true,"href":"https:\/\/www.sincomam.org.br\/index.php\/wp-json\/wp\/v2\/categories?post=3744"},{"taxonomy":"post_tag","embeddable":true,"href":"https:\/\/www.sincomam.org.br\/index.php\/wp-json\/wp\/v2\/tags?post=3744"}],"curies":[{"name":"wp","href":"https:\/\/api.w.org\/{rel}","templated":true}]}}