{"id":37426,"date":"2022-01-12T08:32:40","date_gmt":"2022-01-12T11:32:40","guid":{"rendered":"http:\/\/www.sincomam.org.br\/?p=37426"},"modified":"2022-01-12T02:44:41","modified_gmt":"2022-01-12T05:44:41","slug":"minas-gerais-registra-10-mortes-em-24-horas-por-causa-das-chuvas","status":"publish","type":"post","link":"https:\/\/www.sincomam.org.br\/index.php\/minas-gerais-registra-10-mortes-em-24-horas-por-causa-das-chuvas\/","title":{"rendered":"Minas Gerais registra 10 mortes em 24 horas por causa das chuvas"},"content":{"rendered":"<p>A Defesa Civil de Minas Gerais confirmou mais dez mortes em decorr\u00eancia da chuva no estado. Os \u00f3bitos foram notificados ao longo das \u00faltimas 24 horas.<img decoding=\"async\" src=\"https:\/\/agenciabrasil.ebc.com.br\/ebc.png?id=1436314&amp;o=node\" \/><img decoding=\"async\" src=\"https:\/\/agenciabrasil.ebc.com.br\/ebc.gif?id=1436314&amp;o=node\" \/><\/p>\n<p>Com isso, subiu para 19 o n\u00famero de v\u00edtimas no estado desde o in\u00edcio do per\u00edodo chuvoso, a partir do dia 1\u00ba de outubro. Por causa das investiga\u00e7\u00f5es em andamento, esses dados n\u00e3o incluem as 10 mortes ocorridas no \u00faltimo s\u00e1bado (8), em Capit\u00f3lio, ap\u00f3s o desabamento de um pared\u00e3o de pedra no c\u00e2nion da\u00a0represa de Furnas.<\/p>\n<p>Em todo o estado, 145 munic\u00edpios est\u00e3o em situa\u00e7\u00e3o de emerg\u00eancia. O n\u00famero de desabrigados totaliza 3.481. J\u00e1 os desalojados somam 13.756 pessoas. O balan\u00e7o \u00e9 o mais recente divulgado pela Defesa Civil estadual.<\/p>\n<p>As condi\u00e7\u00f5es meteorol\u00f3gicas continuam favor\u00e1veis a chuva e temporais em Minas Gerais, em decorr\u00eancia da instabilidade atmosf\u00e9rica. &#8220;H\u00e1 condi\u00e7\u00f5es de chuva moderada a forte que podem vir acompanhadas de descargas el\u00e9tricas, especialmente, no Oeste, Sul\/Sudoeste, Campo das Vertentes, Zona da Mata e Tri\u00e2ngulo Mineiro. Na capital mineira e Grande Belo Horizonte o quadro meteorol\u00f3gico ainda \u00e9 favor\u00e1vel a ocorr\u00eancia de chuva, contudo, de menor intensidade em rela\u00e7\u00e3o aos \u00faltimos dias&#8221;, informou a Defesa Civil.<\/p>\n<h2>Mortes recentes<\/h2>\n<p>A maior trag\u00e9dia das \u00faltimas 24 horas ocorreu ontem, quando cinco pessoas foram encontradas mortas ap\u00f3s serem soterradas por um deslizamento de encosta no Retiro do Chal\u00e9, em Brumadinho, cidade da regi\u00e3o metropolitana de Belo Horizonte. De acordo com informa\u00e7\u00f5es do Corpo de Bombeiros, quatro delas eram da mesma fam\u00edlia: um casal, marido e esposa, e duas crian\u00e7as (uma de tr\u00eas anos e outra de seis). A quinta v\u00edtima \u00e9 um homem que dirigia o ve\u00edculo onde todos estavam.<\/p>\n<p>Eles estavam desaparecidos desde s\u00e1bado (8), quando viajavam de carro com destino ao aeroporto de Confins, em Belo Horizonte. Pr\u00f3ximo \u00e0 regi\u00e3o de Congonhas, na BR-040, o grupo se deparou com o bloqueio na pista e optou por seguir viagem por uma estrada alternativa. Desde ent\u00e3o, n\u00e3o fizeram contato com a fam\u00edlia. O carro foi localizado ontem (10) pelos bombeiros, que fizeram um trabalho de resgate que durou cerca de 10 horas at\u00e9 a retirada do \u00faltimo corpo. At\u00e9 uma retroescavadeira precisou ser usada nos trabalhos. O carro foi arrastado por cerca de 400 metros pela lama que se deslocou de uma encosta de serra.<\/p>\n<p>Em S\u00e3o Gon\u00e7alo do Rio Abaixo, na madrugada de segunda-feira, o muro de uma resid\u00eancia desabou, soterrando uma crian\u00e7a de 10 anos, que veio a \u00f3bito.<\/p>\n<p>Em Erv\u00e1lia, tamb\u00e9m nesta segunda, a Defesa Civil reportou a morte de um rapaz de 20 anos, que estava em um bar da cidade quando houve um escorregamento de terra, provocando o desabamento de uma estrutura de concreto. O corpo da v\u00edtima foi resgatado pelo Corpo de Bombeiros.<\/p>\n<p>Em Caratinga, devido \u00e0s fortes chuvas, duas mortes foram registradas no domingo (9). Um homem de 41 anos morreu ap\u00f3s o carro em que ele estava ser arrastado na tentativa de atravessar uma ponte que estava inundada pelo c\u00f3rrego S\u00e3o Vicente, no distrito de Santo Ant\u00f4nio do Manhua\u00e7u. Um dos ocupantes do ve\u00edculo, um homem de 54 anos, sobreviveu depois de conseguir sair do ve\u00edculo e nadar at\u00e9 a margem do rio.<\/p>\n<p>A outra morte no munic\u00edpio ocorreu ap\u00f3s o deslizamento de uma encosta atingir uma resid\u00eancia. No local, uma mulher de 62 anos foi resgatada com vida pelos bombeiros, mas um homem de 28 anos acabou morrendo soterrado por lama e concreto.<\/p>\n<h2>Ministros monitoram<\/h2>\n<p>Nesta ter\u00e7a-feira, dois ministros do governo federal sobrevoaram \u00e1reas atingidas pelas chuvas em Minas Gerais. Joaquim Leite (Meio Ambiente) e Jo\u00e3o Roma (Cidadania)\u00a0 sobrevoaram as cidades de Nova Lima, Rio Acima, Moeda e Itabirito, na regi\u00e3o metropolitana de Belo Horizonte, todos bastante atingidos com alagamentos e inunda\u00e7\u00f5es. Eles ainda se reuniram com o governador Romeu Zema e representantes da Defesa Civil e da secretaria do Meio Ambiente do estado.<\/p>\n<p>No dia 31 de dezembro, o governo federal abriu cr\u00e9dito extraordin\u00e1rio de R$ 700 milh\u00f5es para ajudar principalmente os estados de Minas Gerais e Bahia, dois dos mais afetados pelas chuvas no \u00faltimo m\u00eas. Dos recursos, R$ 200 milh\u00f5es v\u00e3o para distribui\u00e7\u00e3o de alimentos a grupos populacionais tradicionais e espec\u00edficos e R$ 500 milh\u00f5es para prote\u00e7\u00e3o social no \u00e2mbito do Sistema \u00danico de Assist\u00eancia Social (SUAS).<\/p>\n<p>J\u00e1 o Minist\u00e9rio do Desenvolvimento Regional autorizou o repasse de R$ 48,6 milh\u00f5es para munic\u00edpios mineiros mais afetados e assegurou outros R$ 130 milh\u00f5es para a Bahia. A maior parte dos recursos s\u00e3o de socorro e assist\u00eancia.<\/p>\n<p>Moradores das cidades que tiveram reconhecimento de emerg\u00eancia tamb\u00e9m t\u00eam direito ao saque do Fundo de Garantia por Tempo de Servi\u00e7o (FGTS). Segundo a Caixa Econ\u00f4mica Federal, at\u00e9 o momento, 12 munic\u00edpios da Bahia e de Minas Gerais foram habilitados para\u00a0recebimento do Saque FGTS\u00a0por motivo de calamidade.<\/p>\n<p>&nbsp;<\/p>\n<p>Fonte: Informativo dos Portos<\/p>\n","protected":false},"excerpt":{"rendered":"<p>A Defesa Civil de Minas Gerais confirmou mais dez mortes em decorr\u00eancia da chuva no estado. Os \u00f3bitos foram notificados ao longo das \u00faltimas 24&#8230;<\/p>\n","protected":false},"author":1527,"featured_media":0,"comment_status":"closed","ping_status":"closed","sticky":false,"template":"","format":"standard","meta":{"footnotes":""},"categories":[6],"tags":[],"class_list":["post-37426","post","type-post","status-publish","format-standard","hentry","category-noticias"],"_links":{"self":[{"href":"https:\/\/www.sincomam.org.br\/index.php\/wp-json\/wp\/v2\/posts\/37426","targetHints":{"allow":["GET"]}}],"collection":[{"href":"https:\/\/www.sincomam.org.br\/index.php\/wp-json\/wp\/v2\/posts"}],"about":[{"href":"https:\/\/www.sincomam.org.br\/index.php\/wp-json\/wp\/v2\/types\/post"}],"author":[{"embeddable":true,"href":"https:\/\/www.sincomam.org.br\/index.php\/wp-json\/wp\/v2\/users\/1527"}],"replies":[{"embeddable":true,"href":"https:\/\/www.sincomam.org.br\/index.php\/wp-json\/wp\/v2\/comments?post=37426"}],"version-history":[{"count":2,"href":"https:\/\/www.sincomam.org.br\/index.php\/wp-json\/wp\/v2\/posts\/37426\/revisions"}],"predecessor-version":[{"id":37432,"href":"https:\/\/www.sincomam.org.br\/index.php\/wp-json\/wp\/v2\/posts\/37426\/revisions\/37432"}],"wp:attachment":[{"href":"https:\/\/www.sincomam.org.br\/index.php\/wp-json\/wp\/v2\/media?parent=37426"}],"wp:term":[{"taxonomy":"category","embeddable":true,"href":"https:\/\/www.sincomam.org.br\/index.php\/wp-json\/wp\/v2\/categories?post=37426"},{"taxonomy":"post_tag","embeddable":true,"href":"https:\/\/www.sincomam.org.br\/index.php\/wp-json\/wp\/v2\/tags?post=37426"}],"curies":[{"name":"wp","href":"https:\/\/api.w.org\/{rel}","templated":true}]}}