{"id":37423,"date":"2022-01-12T08:30:21","date_gmt":"2022-01-12T11:30:21","guid":{"rendered":"http:\/\/www.sincomam.org.br\/?p=37423"},"modified":"2022-01-12T23:11:00","modified_gmt":"2022-01-13T02:11:00","slug":"marinha-realiza-omarinha-realiza-operacao-aspirantex-2022","status":"publish","type":"post","link":"https:\/\/www.sincomam.org.br\/index.php\/marinha-realiza-omarinha-realiza-operacao-aspirantex-2022\/","title":{"rendered":"Marinha realiza Opera\u00e7\u00e3o \u201cAspirantex\/2022&#8243;"},"content":{"rendered":"<div class=\"rtejustify\"><span style=\"color: #000000;\"><span style=\"font-family: Verdana, sans-serif;\">A Marinha do Brasil (MB) realiza, at\u00e9 o dia 27 de janeiro, a Opera\u00e7\u00e3o \u201cAspirantex\/2022\u201d, na \u00e1rea mar\u00edtima compreendida entre os estados do Rio de Janeiro e Rio Grande do Sul, com previs\u00e3o de visita aos portos de Rio Grande (RS), Itaja\u00ed (SC) e Paranagu\u00e1 (PR).<\/span><\/span><\/div>\n<div class=\"rtejustify\"><\/div>\n<div class=\"rtejustify\"><span style=\"color: #000000;\"><span style=\"font-family: Verdana, sans-serif;\">O prop\u00f3sito da \u201cAspirantex\u201d \u00e9 contribuir para o incremento do adestramento dos meios navais e aeronavais da Esquadra, e para a familiariza\u00e7\u00e3o dos Aspirantes da Escola Naval sobre a vida no mar, com \u00eanfase na orienta\u00e7\u00e3o para os alunos do 2\u00ba ano na op\u00e7\u00e3o de Corpo e na escolha da sua \u00e1rea de Habilita\u00e7\u00e3o.<\/span><\/span><\/div>\n<div class=\"rtejustify\"><\/div>\n<div class=\"rtejustify\"><span style=\"color: #000000;\"><span style=\"font-family: Verdana, sans-serif;\">A Opera\u00e7\u00e3o est\u00e1 dividida em seis fases, dentre pr\u00e9-comiss\u00e3o, fases de mar, fases de porto e regresso. Durante as fases de mar, ser\u00e3o realizados diversos exerc\u00edcios de car\u00e1ter estritamente militar, relacionados \u00e0s tarefas b\u00e1sicas do Poder Naval, e a\u00e7\u00e3o de presen\u00e7a nas \u00c1guas Jurisdicionais Brasileiras. Nas fases de porto, em cumprimento aos protocolos estabelecidos pelas autoridades sanit\u00e1rias e \u00e0s medidas de preven\u00e7\u00e3o \u00e0 prolifera\u00e7\u00e3o da Covid-19, os navios n\u00e3o ser\u00e3o abertos \u00e0 visita\u00e7\u00e3o p\u00fablica.<\/span><\/span><\/div>\n<div><\/div>\n<div>\n<div class=\"field field-name-body field-type-text-with-summary field-label-hidden\">\n<div class=\"field-items\">\n<div class=\"field-item even\">\n<div class=\"rtejustify\"><span style=\"color: #000000;\"><span style=\"font-family: Verdana, sans-serif;\">O Comandante da 1\u00aa Divis\u00e3o da Esquadra, Contra-Almirante Marcelo Menezes Cardoso, ser\u00e1 o Comandante do Grupo-Tarefa, respons\u00e1vel pelo planejamento e execu\u00e7\u00e3o das atividades relacionadas \u00e0 \u201cAspirantex\u201d, que contar\u00e1 com a participa\u00e7\u00e3o dos seguintes meios navais, aeronavais e Organiza\u00e7\u00f5es Militares: Navio-Aer\u00f3dromo Multiprop\u00f3sito \u201cAtl\u00e2ntico\u201d, Navio Doca Multiprop\u00f3sito \u201cBahia\u201d, Fragata \u201cLiberal\u201d, Fragata \u201cIndepend\u00eancia\u201d, Submarino<span style=\"color: #ce181e;\">\u00a0<\/span>\u201cTikuna\u201d, Navio-Patrulha Oce\u00e2nico \u201cAmazonas\u201d, Navio de Apoio Oce\u00e2nico \u201cMearim\u201d, Grupamento de Mergulhadores de Combate, Carros Lagarta Anf\u00edbio, e aeronaves \u201c<i>Super Cougar<\/i>\u201d,\u00a0<span lang=\"en-US\" xml:lang=\"en-US\">Seahawk\u201d, \u201cBell Jet Ranger III\u201d,\u00a0<\/span>\u201cEsquilo\u201d, \u201cSkyhawk\u201d, al\u00e9m das pertencentes \u00e0 For\u00e7a A\u00e9rea Brasileira, \u201cOrion\u201d e \u201cBandeirante Patrulha\u201d.<\/span><\/span><\/div>\n<div class=\"rtejustify\"><\/div>\n<\/div>\n<\/div>\n<\/div>\n<div class=\"field field-name-field-fonte-noticia field-type-field-collection field-label-hidden\">\n<div class=\"field-items\">\n<div class=\"field-item even\">\n<div>\n<div class=\"content\">\n<div class=\"field field-name-field-valor-fonte-noticias field-type-text field-label-hidden\">\n<div class=\"field-items\">\n<div class=\"field-item even\">Fonte: Centro de Comunica\u00e7\u00e3o Social da Marinha<\/div>\n<\/div>\n<\/div>\n<\/div>\n<\/div>\n<\/div>\n<\/div>\n<\/div>\n<\/div>\n","protected":false},"excerpt":{"rendered":"<p>A Marinha do Brasil (MB) realiza, at\u00e9 o dia 27 de janeiro, a Opera\u00e7\u00e3o \u201cAspirantex\/2022\u201d, na \u00e1rea mar\u00edtima compreendida entre os estados do Rio de&#8230;<\/p>\n","protected":false},"author":1527,"featured_media":37424,"comment_status":"closed","ping_status":"closed","sticky":false,"template":"","format":"standard","meta":{"footnotes":""},"categories":[6],"tags":[],"class_list":["post-37423","post","type-post","status-publish","format-standard","has-post-thumbnail","hentry","category-noticias"],"_links":{"self":[{"href":"https:\/\/www.sincomam.org.br\/index.php\/wp-json\/wp\/v2\/posts\/37423","targetHints":{"allow":["GET"]}}],"collection":[{"href":"https:\/\/www.sincomam.org.br\/index.php\/wp-json\/wp\/v2\/posts"}],"about":[{"href":"https:\/\/www.sincomam.org.br\/index.php\/wp-json\/wp\/v2\/types\/post"}],"author":[{"embeddable":true,"href":"https:\/\/www.sincomam.org.br\/index.php\/wp-json\/wp\/v2\/users\/1527"}],"replies":[{"embeddable":true,"href":"https:\/\/www.sincomam.org.br\/index.php\/wp-json\/wp\/v2\/comments?post=37423"}],"version-history":[{"count":2,"href":"https:\/\/www.sincomam.org.br\/index.php\/wp-json\/wp\/v2\/posts\/37423\/revisions"}],"predecessor-version":[{"id":37443,"href":"https:\/\/www.sincomam.org.br\/index.php\/wp-json\/wp\/v2\/posts\/37423\/revisions\/37443"}],"wp:featuredmedia":[{"embeddable":true,"href":"https:\/\/www.sincomam.org.br\/index.php\/wp-json\/wp\/v2\/media\/37424"}],"wp:attachment":[{"href":"https:\/\/www.sincomam.org.br\/index.php\/wp-json\/wp\/v2\/media?parent=37423"}],"wp:term":[{"taxonomy":"category","embeddable":true,"href":"https:\/\/www.sincomam.org.br\/index.php\/wp-json\/wp\/v2\/categories?post=37423"},{"taxonomy":"post_tag","embeddable":true,"href":"https:\/\/www.sincomam.org.br\/index.php\/wp-json\/wp\/v2\/tags?post=37423"}],"curies":[{"name":"wp","href":"https:\/\/api.w.org\/{rel}","templated":true}]}}