{"id":37416,"date":"2022-01-12T08:23:43","date_gmt":"2022-01-12T11:23:43","guid":{"rendered":"http:\/\/www.sincomam.org.br\/?p=37416"},"modified":"2022-01-12T02:28:07","modified_gmt":"2022-01-12T05:28:07","slug":"omicron-numero-de-internados-por-covid-19-na-rede-publica-do-rio-dobra-em-24-horas","status":"publish","type":"post","link":"https:\/\/www.sincomam.org.br\/index.php\/omicron-numero-de-internados-por-covid-19-na-rede-publica-do-rio-dobra-em-24-horas\/","title":{"rendered":"\u00d4micron: N\u00famero de internados por Covid-19 na rede p\u00fablica do Rio dobra em 24 horas"},"content":{"rendered":"<p>Em um intervalo de 24 horas o n\u00famero de internados por Covid-19 na rede p\u00fablica do Rio dobrou. Na noite desde domingo 61 pessoas estavam hospitalizadas com o diagn\u00f3stico da doen\u00e7a. Nesta segunda-feira, j\u00e1 s\u00e3o 129 internados em unidades do Sistema \u00danico de Sa\u00fade da capital fluminense. Em uma semana, o aumento do n\u00famero de internados foi de 437,5%.<\/p>\n<p>Este \u00e9 o maior n\u00famero de hospitalizados desde o in\u00edcio de novembro, \u00faltima vez que o indicador mostrou mais de 100 internados. Apesar do salto, a rede tem absorvido os casos que necessitam de hospitaliza\u00e7\u00f5es sem problemas e o n\u00famero leitos no SUS da capital para tratar a doen\u00e7a na cidade do Rio ainda \u00e9 suficiente para atender a atual demanda. Nesta segunda-feira, 20 pessoas aguardam transfer\u00eancia para um hospital, mas o n\u00famero de leitos dispon\u00edveis continua superior \u00e0 demanda. Atualmente a taxa de ocupa\u00e7\u00e3o geral dos leitos para Covid-19 est\u00e1 em 43% na cidade do Rio.<\/p>\n<p>Dos internados atualmente na rede p\u00fablica da cidade do Rio, 48 est\u00e3o hospitalizados em Unidades de Tratamento Intensivo (UTI). Segundo a prefeitura do Rio, neste domingo, 11 pessoas sem nenhuma dose de vacina, e 2 com apenas uma dose, foram internadas na cidade com coronav\u00edrus.<\/p>\n<p>Apesar de ver uma subida das interna\u00e7\u00f5es por Covid-19 na cidade, a curva de crescimento das hospitaliza\u00e7\u00f5es est\u00e1 longe de acompanhar a explos\u00e3o de casos da doen\u00e7a na cidade, que\u00a0j\u00e1 enfrenta o pior momento em rela\u00e7\u00f5es ao n\u00famero de infectados\u00a0de toda a pandemia. Especialistas e autoridades creditam o n\u00e3o acompanhamento da curva de casos graves \u00e0 campanha de vacina\u00e7\u00e3o contra a Covid-19.<\/p>\n<p>Entre os hospitalizados atualmente h\u00e1 uma grande fatia que est\u00e1 internado por uma outra quest\u00e3o de sa\u00fade, mas acabou sendo diagnosticado para a Covid-19. Dos 129, 53 n\u00e3o ocupam um leito para a Covid-19. No hospital municipal Souza Aguiar, por exemplo h\u00e1 15 pacientes internados em leitos cir\u00fargicos para ortopedia, neurocirurgia e cirurgia geral.<\/p>\n<p>H\u00e1 outras seis crian\u00e7as e adolescentes internados em leitos pedi\u00e1tricos na rede p\u00fablica. Segundo o secret\u00e1rio municipal de Sa\u00fade Daniel Soranz os pacientes que j\u00e1 estavam hospitalizados s\u00e3o de casos leves da doen\u00e7a ou sem sintomas:<\/p>\n<p>\u2014 Ainda estamos com a ocupa\u00e7\u00e3o de leitos para Covid-19 baixa na cidade. Temos um plano de conting\u00eanciade reativa\u00e7\u00e3o de leitos que ser\u00e1 posto em pr\u00e1tica, caso seja necess\u00e1rio. Ainda estamos avaliando todos os dados da vacina\u00e7\u00e3o, mas por enquanto as medidas implantadas continuam em vigor \u2014 afirma.<\/p>\n<p>Esta \u00e9 a quinta onda do coronav\u00edrus na cidade desde mar\u00e7o de 2020 e coincide com a chegada da variante \u00d4micron. Estudos apontam que a nova cepa \u00e9 mais transmiss\u00edvel, com sinais at\u00e9 que pode se espalhar mais r\u00e1pido que o v\u00edrus do sarampo.<\/p>\n<h2>Explos\u00e3o de casos<\/h2>\n<p>A \u00faltima semana na cidade do Rio foi a com maior n\u00famero de infectados por Covid-19 confirmados em toda a pandemia. Segundo os dados do painel da prefeitura, a m\u00e9dia m\u00f3vel de casos chegou a 3.117 diagn\u00f3sticos na \u00faltima quinta-feira, 6 de janeiro. At\u00e9 ent\u00e3o, o indicador nunca havia superado a marca de 2 mil casos di\u00e1rios, registrada em meados de agosto de 2021, quando o Rio enfrentava uma nova onda provocada pela variante Delta.<\/p>\n<p>O dia 3 de janeiro de 2022 tamb\u00e9m se tornou o recordista de casos di\u00e1rios de toda a pandemia no Rio. Na primeira segunda-feira do ano foram confirmadas 4.914 pessoas com Covid-19. At\u00e9 ent\u00e3o, o recorde de casos em um \u00fanico dia era de 3.600, em 28 de abril de 2020. Ou seja, o novo pico j\u00e1 \u00e9 36,5% maior que o anterior.<\/p>\n<p>Os dados se referem ao total de pacientes que relataram ter come\u00e7ado a sentir os sintomas da infec\u00e7\u00e3o no dia 3. Mas\u00a0esse n\u00famero deve subir, j\u00e1 que outros casos atendidos nos dias seguintes ainda podem ser inseridos no sistema.<\/p>\n","protected":false},"excerpt":{"rendered":"<p>Em um intervalo de 24 horas o n\u00famero de internados por Covid-19 na rede p\u00fablica do Rio dobrou. Na noite desde domingo 61 pessoas estavam&#8230;<\/p>\n","protected":false},"author":1527,"featured_media":37418,"comment_status":"closed","ping_status":"closed","sticky":false,"template":"","format":"standard","meta":{"footnotes":""},"categories":[6],"tags":[],"class_list":["post-37416","post","type-post","status-publish","format-standard","has-post-thumbnail","hentry","category-noticias"],"_links":{"self":[{"href":"https:\/\/www.sincomam.org.br\/index.php\/wp-json\/wp\/v2\/posts\/37416","targetHints":{"allow":["GET"]}}],"collection":[{"href":"https:\/\/www.sincomam.org.br\/index.php\/wp-json\/wp\/v2\/posts"}],"about":[{"href":"https:\/\/www.sincomam.org.br\/index.php\/wp-json\/wp\/v2\/types\/post"}],"author":[{"embeddable":true,"href":"https:\/\/www.sincomam.org.br\/index.php\/wp-json\/wp\/v2\/users\/1527"}],"replies":[{"embeddable":true,"href":"https:\/\/www.sincomam.org.br\/index.php\/wp-json\/wp\/v2\/comments?post=37416"}],"version-history":[{"count":1,"href":"https:\/\/www.sincomam.org.br\/index.php\/wp-json\/wp\/v2\/posts\/37416\/revisions"}],"predecessor-version":[{"id":37419,"href":"https:\/\/www.sincomam.org.br\/index.php\/wp-json\/wp\/v2\/posts\/37416\/revisions\/37419"}],"wp:featuredmedia":[{"embeddable":true,"href":"https:\/\/www.sincomam.org.br\/index.php\/wp-json\/wp\/v2\/media\/37418"}],"wp:attachment":[{"href":"https:\/\/www.sincomam.org.br\/index.php\/wp-json\/wp\/v2\/media?parent=37416"}],"wp:term":[{"taxonomy":"category","embeddable":true,"href":"https:\/\/www.sincomam.org.br\/index.php\/wp-json\/wp\/v2\/categories?post=37416"},{"taxonomy":"post_tag","embeddable":true,"href":"https:\/\/www.sincomam.org.br\/index.php\/wp-json\/wp\/v2\/tags?post=37416"}],"curies":[{"name":"wp","href":"https:\/\/api.w.org\/{rel}","templated":true}]}}