{"id":37402,"date":"2022-01-11T08:39:00","date_gmt":"2022-01-11T11:39:00","guid":{"rendered":"http:\/\/www.sincomam.org.br\/?p=37402"},"modified":"2022-01-11T02:43:58","modified_gmt":"2022-01-11T05:43:58","slug":"ministerio-reduz-de-10-para-5-dias-o-isolamento-para-pacientes-de-covid-sem-sintoma-e-apos-teste-negativo","status":"publish","type":"post","link":"https:\/\/www.sincomam.org.br\/index.php\/ministerio-reduz-de-10-para-5-dias-o-isolamento-para-pacientes-de-covid-sem-sintoma-e-apos-teste-negativo\/","title":{"rendered":"Minist\u00e9rio reduz de 10 para 5 dias o isolamento para pacientes de Covid sem sintoma e ap\u00f3s teste negativo"},"content":{"rendered":"<div class=\"mc-column content-text active-extra-styles \" data-block-type=\"unstyled\" data-block-weight=\"67\" data-block-id=\"2\">\n<p class=\"content-text__container \" data-track-category=\"Link no Texto\" data-track-links=\"\">O\u00a0Minist\u00e9rio da Sa\u00fade\u00a0anunciou nesta segunda-feira (10) que o per\u00edodo de isolamento para pessoas rec\u00e9m-recuperadas de Covid passa a ser menor, diminuindo de 10 para 5 dias para pessoas que\u00a0<span class=\"highlight highlighted\">est\u00e3o sem sintomas respirat\u00f3rios, sem febre h\u00e1 24 horas (sem o uso de antit\u00e9rmico) e que tenham resultado negativo para teste PCR ou de ant\u00edgeno<\/span>.\u00a0A contagem deve ser feita a partir do in\u00edcio dos sintomas.<\/p>\n<\/div>\n<div class=\"wall protected-content\">\n<div class=\"mc-column content-text active-extra-styles \" data-block-type=\"unstyled\" data-block-weight=\"8\" data-block-id=\"3\">\n<p class=\"content-text__container \" data-track-category=\"Link no Texto\" data-track-links=\"\"><strong>Veja como fica a nova recomenda\u00e7\u00e3o do isolamento:<\/strong><\/p>\n<\/div>\n<div class=\"mc-column content-text active-extra-styles\" data-block-type=\"raw\" data-block-weight=\"141\" data-block-id=\"4\">\n<ul class=\"content-unordered-list\">\n<li><strong>Cinco dias:\u00a0<\/strong>se ao 5\u00ba dia o paciente n\u00e3o tiver sintomas respirat\u00f3rios e febre por um per\u00edodo de 24 horas, sem uso de antit\u00e9rmico, ele pode fazer o teste (ant\u00edgeno ou PCR).\u00a0<span class=\"highlight highlighted\">Se for negativo, ele pode sair do isolamento.<\/span>\u00a0Caso o paciente assintom\u00e1tico apresente teste positivo no 5\u00ba dia,\u00a0<span class=\"highlight highlighted\">dever\u00e1 manter o isolamento at\u00e9 o 10\u00ba dia<\/span>.<\/li>\n<li><strong>Sete dias:<\/strong>\u00a0Se ao 7\u00ba dia o paciente estiver assintom\u00e1tico, ele est\u00e1 liberado do isolamento, sem necessidade de fazer o teste. Se o paciente continuar com sintomas respirat\u00f3rios ou febre, ele pode fazer o teste (PCR ou ant\u00edgeno). Caso d\u00ea negativo, pode sair do isolamento.\u00a0<span class=\"highlight highlighted\">Se der positivo, deve ficar resguardado at\u00e9 10 dias e s\u00f3 sair quando n\u00e3o tiver mais sintomas.<\/span><\/li>\n<li>Ap\u00f3s 10 dias, se estiver sem sintomas respirat\u00f3rios,<span class=\"highlight highlighted\">\u00a0n\u00e3o \u00e9 necess\u00e1rio fazer o teste e o paciente pode sair do isolamento.<\/span><\/li>\n<\/ul>\n<div class=\"mc-column content-text active-extra-styles \" data-block-type=\"unstyled\" data-block-weight=\"34\" data-block-id=\"7\">\n<p class=\"content-text__container \" data-track-category=\"Link no Texto\" data-track-links=\"\">O\u00a0Minist\u00e9rio da Sa\u00fade\u00a0refor\u00e7a que todos os pacientes devem manter as recomenda\u00e7\u00f5es at\u00e9 o 10\u00ba dia, como evitar aglomera\u00e7\u00f5es, evitar contato com pessoas com comorbidades, continuar usando m\u00e1scara e outras medidas n\u00e3o farmacol\u00f3gicas.<\/p>\n<\/div>\n<div class=\"mc-column content-text active-extra-styles \" data-block-type=\"unstyled\" data-block-weight=\"22\" data-block-id=\"8\">\n<p class=\"content-text__container \" data-track-category=\"Link no Texto\" data-track-links=\"\">As novas diretrizes estar\u00e3o na nova vers\u00e3o do \u201cGuia de Recomenda\u00e7\u00f5es \u2013 Isolamento Domiciliar&#8221;. O documento deve estar dispon\u00edvel na ter\u00e7a-feira (11).<\/p>\n<\/div>\n<p data-track-category=\"Link no Texto\" data-track-links=\"\">Fonte G1<\/p>\n<\/div>\n<\/div>\n","protected":false},"excerpt":{"rendered":"<p>O\u00a0Minist\u00e9rio da Sa\u00fade\u00a0anunciou nesta segunda-feira (10) que o per\u00edodo de isolamento para pessoas rec\u00e9m-recuperadas de Covid passa a ser menor, diminuindo de 10 para 5&#8230;<\/p>\n","protected":false},"author":1527,"featured_media":30047,"comment_status":"closed","ping_status":"closed","sticky":false,"template":"","format":"standard","meta":{"footnotes":""},"categories":[6],"tags":[],"class_list":["post-37402","post","type-post","status-publish","format-standard","has-post-thumbnail","hentry","category-noticias"],"_links":{"self":[{"href":"https:\/\/www.sincomam.org.br\/index.php\/wp-json\/wp\/v2\/posts\/37402","targetHints":{"allow":["GET"]}}],"collection":[{"href":"https:\/\/www.sincomam.org.br\/index.php\/wp-json\/wp\/v2\/posts"}],"about":[{"href":"https:\/\/www.sincomam.org.br\/index.php\/wp-json\/wp\/v2\/types\/post"}],"author":[{"embeddable":true,"href":"https:\/\/www.sincomam.org.br\/index.php\/wp-json\/wp\/v2\/users\/1527"}],"replies":[{"embeddable":true,"href":"https:\/\/www.sincomam.org.br\/index.php\/wp-json\/wp\/v2\/comments?post=37402"}],"version-history":[{"count":1,"href":"https:\/\/www.sincomam.org.br\/index.php\/wp-json\/wp\/v2\/posts\/37402\/revisions"}],"predecessor-version":[{"id":37403,"href":"https:\/\/www.sincomam.org.br\/index.php\/wp-json\/wp\/v2\/posts\/37402\/revisions\/37403"}],"wp:featuredmedia":[{"embeddable":true,"href":"https:\/\/www.sincomam.org.br\/index.php\/wp-json\/wp\/v2\/media\/30047"}],"wp:attachment":[{"href":"https:\/\/www.sincomam.org.br\/index.php\/wp-json\/wp\/v2\/media?parent=37402"}],"wp:term":[{"taxonomy":"category","embeddable":true,"href":"https:\/\/www.sincomam.org.br\/index.php\/wp-json\/wp\/v2\/categories?post=37402"},{"taxonomy":"post_tag","embeddable":true,"href":"https:\/\/www.sincomam.org.br\/index.php\/wp-json\/wp\/v2\/tags?post=37402"}],"curies":[{"name":"wp","href":"https:\/\/api.w.org\/{rel}","templated":true}]}}