{"id":37399,"date":"2022-01-11T08:34:30","date_gmt":"2022-01-11T11:34:30","guid":{"rendered":"http:\/\/www.sincomam.org.br\/?p=37399"},"modified":"2022-01-11T02:38:47","modified_gmt":"2022-01-11T05:38:47","slug":"evolucao-da-omicron-pode-adiar-a-volta-de-cruzeiros-maritimos","status":"publish","type":"post","link":"https:\/\/www.sincomam.org.br\/index.php\/evolucao-da-omicron-pode-adiar-a-volta-de-cruzeiros-maritimos\/","title":{"rendered":"Evolu\u00e7\u00e3o da \u00f4micron pode adiar a volta de cruzeiros mar\u00edtimos"},"content":{"rendered":"<p>Num cen\u00e1rio de aumento expressivo do n\u00famero de casos de covid-19 no pa\u00eds, devido ao cont\u00e1gio da variante \u00f4micron, o governo acompanha com preocupa\u00e7\u00e3o a retomada r\u00e1pida de cruzeiros mar\u00edtimos. A depender da evolu\u00e7\u00e3o dessa nova fase da pandemia, pode recomendar que a suspens\u00e3o desse tipo de viagem v\u00e1 al\u00e9m de 21 de janeiro.<\/p>\n<p>Uma fonte graduada do governo, que participa diretamente das conversas sobre o assunto, disse ao Valor que um eventual quadro \u201ccrescente\u201d de casos de \u00f4micron pode levar a uma maior cautela em rela\u00e7\u00e3o aos cruzeiros mar\u00edtimos no pa\u00eds. E que \u00e9 preciso garantir um retorno \u201cseguro\u201d das temporadas de viagens de cruzeiros no pa\u00eds, em meio \u00e0 pandemia, que ainda n\u00e3o acabou.<\/p>\n<p>As pr\u00f3prias companhias do setor optaram por suspender novos embarques at\u00e9 21 de janeiro, ap\u00f3s recomenda\u00e7\u00e3o da Ag\u00eancia Nacional de Vigil\u00e2ncia Sanit\u00e1ria (Anvisa). Em Bras\u00edlia, \u00f3rg\u00e3os federais como os minist\u00e9rios de Sa\u00fade, Justi\u00e7a e Seguran\u00e7a P\u00fablica, Infraestrutura e do Turismo tamb\u00e9m acompanham o tema.<\/p>\n<p>Est\u00e3o sendo feitas reuni\u00f5es com secret\u00e1rios de munic\u00edpios afetados pela parada tempor\u00e1ria dos navios de cruzeiros para discuss\u00e3o de protocolos sanit\u00e1rios. E nesta semana representantes das companhias tamb\u00e9m devem apresentar dados ao governo federal sobre n\u00famero de contamina\u00e7\u00f5es de seus tripulantes &#8211; at\u00e9 o fim da semana passada, esse n\u00famero passava de 500.<\/p>\n<p>Mesmo com a suspens\u00e3o de novos embarques at\u00e9 21 de janeiro, a Anvisa considera preocupante realizar esse tipo de viagem no pa\u00eds pois especialistas projetam aumento nos casos de covid-19 nas pr\u00f3ximas semanas.<\/p>\n<p>Dados do setor de cruzeiros enviados \u00e0 ag\u00eancia reguladora indicam que o registro de casos de covid-19 segue em alta e cerca de 90% das cabines de isolamento dentro dos navios mantidos em opera\u00e7\u00e3o j\u00e1 est\u00e3o ocupadas.<\/p>\n<p>Integrantes da Anvisa relatam que as embarca\u00e7\u00f5es de cruzeiro &#8211; al\u00e9m de oferecerem um ambiente confinado, favor\u00e1vel \u00e0 propaga\u00e7\u00e3o do v\u00edrus &#8211; dificultam o controle de casos. Isso porque embarques e desembarques de passageiros ocorrem a cada ponto de parada na costa brasileira. Este cen\u00e1rio j\u00e1 havia sido previsto pela ag\u00eancia quando o setor anunciou a suspens\u00e3o de novos embarques.<\/p>\n<p>Na pr\u00e1tica, a suspens\u00e3o serviu para livrar o setor do desgaste de ter que cancelar os pacotes j\u00e1 vendidos para todo o per\u00edodo de f\u00e9rias. Para o governo, a suspens\u00e3o \u201cvolunt\u00e1ria\u201d evitou a tomada de uma decis\u00e3o mais dura, que pudesse ser entendida como interven\u00e7\u00e3o. Com isso, tamb\u00e9m n\u00e3o precisou ceder ao que a Anvisa defende desde agosto do ano passado: a suspens\u00e3o da temporada de cruzeiros 2021\/22.<\/p>\n<p>Outro ponto de aten\u00e7\u00e3o levantado pela Anvisa \u00e9 o desafio de prestar atendimento m\u00e9dico aos infectados. A ag\u00eancia considera que, nos pontos de parada, pode haver satura\u00e7\u00e3o na rede hospitalar relacionada ao atendimento de pacientes locais que precisam de hospitaliza\u00e7\u00e3o ap\u00f3s cont\u00e1gio da gripe influenza e de covid-19.<\/p>\n<p>Fonte: Valor<\/p>\n","protected":false},"excerpt":{"rendered":"<p>Num cen\u00e1rio de aumento expressivo do n\u00famero de casos de covid-19 no pa\u00eds, devido ao cont\u00e1gio da variante \u00f4micron, o governo acompanha com preocupa\u00e7\u00e3o a&#8230;<\/p>\n","protected":false},"author":1527,"featured_media":37400,"comment_status":"closed","ping_status":"closed","sticky":false,"template":"","format":"standard","meta":{"footnotes":""},"categories":[6],"tags":[],"class_list":["post-37399","post","type-post","status-publish","format-standard","has-post-thumbnail","hentry","category-noticias"],"_links":{"self":[{"href":"https:\/\/www.sincomam.org.br\/index.php\/wp-json\/wp\/v2\/posts\/37399","targetHints":{"allow":["GET"]}}],"collection":[{"href":"https:\/\/www.sincomam.org.br\/index.php\/wp-json\/wp\/v2\/posts"}],"about":[{"href":"https:\/\/www.sincomam.org.br\/index.php\/wp-json\/wp\/v2\/types\/post"}],"author":[{"embeddable":true,"href":"https:\/\/www.sincomam.org.br\/index.php\/wp-json\/wp\/v2\/users\/1527"}],"replies":[{"embeddable":true,"href":"https:\/\/www.sincomam.org.br\/index.php\/wp-json\/wp\/v2\/comments?post=37399"}],"version-history":[{"count":1,"href":"https:\/\/www.sincomam.org.br\/index.php\/wp-json\/wp\/v2\/posts\/37399\/revisions"}],"predecessor-version":[{"id":37401,"href":"https:\/\/www.sincomam.org.br\/index.php\/wp-json\/wp\/v2\/posts\/37399\/revisions\/37401"}],"wp:featuredmedia":[{"embeddable":true,"href":"https:\/\/www.sincomam.org.br\/index.php\/wp-json\/wp\/v2\/media\/37400"}],"wp:attachment":[{"href":"https:\/\/www.sincomam.org.br\/index.php\/wp-json\/wp\/v2\/media?parent=37399"}],"wp:term":[{"taxonomy":"category","embeddable":true,"href":"https:\/\/www.sincomam.org.br\/index.php\/wp-json\/wp\/v2\/categories?post=37399"},{"taxonomy":"post_tag","embeddable":true,"href":"https:\/\/www.sincomam.org.br\/index.php\/wp-json\/wp\/v2\/tags?post=37399"}],"curies":[{"name":"wp","href":"https:\/\/api.w.org\/{rel}","templated":true}]}}