{"id":37375,"date":"2022-01-10T08:30:55","date_gmt":"2022-01-10T11:30:55","guid":{"rendered":"http:\/\/www.sincomam.org.br\/?p=37375"},"modified":"2022-01-10T04:16:08","modified_gmt":"2022-01-10T07:16:08","slug":"pis-pasep-trabalhador-inscrito-pode-receber-ate-um-salario-minimo-em-janeiro","status":"publish","type":"post","link":"https:\/\/www.sincomam.org.br\/index.php\/pis-pasep-trabalhador-inscrito-pode-receber-ate-um-salario-minimo-em-janeiro\/","title":{"rendered":"Pis\/Pasep: Trabalhador inscrito pode receber at\u00e9 um sal\u00e1rio m\u00ednimo em janeiro"},"content":{"rendered":"<p>O pagamento de at\u00e9 um sal\u00e1rio m\u00ednimo do abono salarial do PIS\/Pasep para quem trabalhou com carteira assinada ou como funcion\u00e1rio p\u00fablico em 2020 come\u00e7ar\u00e1 em janeiro de 2022. O sal\u00e1rio m\u00ednimo hoje \u00e9 R$ 1.100, mas o valor para o ano que vem ainda n\u00e3o est\u00e1 definido. O governo prop\u00f4s em agosto o reajuste para R$ 1.169, por\u00e9m a acelera\u00e7\u00e3o da infla\u00e7\u00e3o deve fazer o valor passar de R$ 1.210.<\/p>\n<p>Para ter direito, \u00e9 preciso preencher alguns requisitos, como ter recebido em m\u00e9dia at\u00e9 dois sal\u00e1rios m\u00ednimos por m\u00eas (veja mais detalhes abaixo). O valor varia de acordo com o tempo trabalhado. Se a pessoa trabalhou o ano todo, recebe um sal\u00e1rio m\u00ednimo. Se trabalhou um m\u00eas, ganha proporcionalmente: 1\/12 do m\u00ednimo.<\/p>\n<p>O calend\u00e1rio detalhado deve ser publicado em janeiro. Normalmente, os pagamentos s\u00e3o realizados de forma escalonada, conforme o m\u00eas de nascimento para trabalhadores do setor privado, e pelo n\u00famero final do Pasep para os servidores p\u00fablicos.<\/p>\n<p><strong>Abono come\u00e7aria em julho, mas foi adiado<\/strong><br \/>\nO pagamento do abono referente a 2020 deveria ter come\u00e7ado em julho de 2021. O adiamento foi decidido por unanimidade em reuni\u00e3o do Codefat (Conselho Deliberativo do Fundo de Amparo ao Trabalhador) em mar\u00e7o, ap\u00f3s acordo entre governo, empresas e trabalhadores. O Codefat \u00e9 um \u00f3rg\u00e3o formado por representantes do governo, das empresas e dos trabalhadores<\/p>\n<p>\u00c0 \u00e9poca, sindicalistas disseram que o adiamento do abono foi uma condi\u00e7\u00e3o imposta pelo governo para recriar o BEm \u2014benef\u00edcio que complementou a renda de trabalhadores que tiveram a jornada e o sal\u00e1rio reduzidos durante a pandemia. O programa, que nasceu em 2020, foi reeditado semanas depois, em abril.<\/p>\n<p>O governo alegou que o adiamento do abono foi necess\u00e1rio para alinhar o calend\u00e1rio de pagamento ao Or\u00e7amento anual, sem deixar pend\u00eancias de um ano para o outro.<\/p>\n<p><strong>Quem ter\u00e1 direito a sacar o abono salarial do PIS\/Pasep em 2022?<\/strong><br \/>\nQuem trabalhou com carteira assinada por pelo menos 30 dias em 2020<br \/>\nGanhou, no m\u00e1ximo, dois sal\u00e1rios m\u00ednimos por m\u00eas, em m\u00e9dia<br \/>\nEst\u00e1 inscrito no PIS\/Pasep h\u00e1 pelo menos cinco anos<br \/>\n\u00c9 preciso que a empresa onde trabalhava tenha informado os dados corretamente ao governo<br \/>\nComo saber se tenho direito?<br \/>\nSegundo o Minist\u00e9rio do Trabalho, &#8220;a identifica\u00e7\u00e3o dos trabalhadores com direito ao abono salarial referente ao ano base de 2020 est\u00e1 sendo realizada desde outubro de 2021 e vai at\u00e9 janeiro de 2022.<\/p>\n<p><strong>Quando vou receber o abono em 2022?<\/strong><br \/>\nO Minist\u00e9rio do Trabalho informou que o pagamento ocorrer\u00e1 conforme calend\u00e1rio que ser\u00e1 publicado pelo Codefat &#8220;a partir de janeiro de 2022&#8221;.<\/p>\n","protected":false},"excerpt":{"rendered":"<p>O pagamento de at\u00e9 um sal\u00e1rio m\u00ednimo do abono salarial do PIS\/Pasep para quem trabalhou com carteira assinada ou como funcion\u00e1rio p\u00fablico em 2020 come\u00e7ar\u00e1&#8230;<\/p>\n","protected":false},"author":1527,"featured_media":17827,"comment_status":"closed","ping_status":"closed","sticky":false,"template":"","format":"standard","meta":{"footnotes":""},"categories":[6],"tags":[],"class_list":["post-37375","post","type-post","status-publish","format-standard","has-post-thumbnail","hentry","category-noticias"],"_links":{"self":[{"href":"https:\/\/www.sincomam.org.br\/index.php\/wp-json\/wp\/v2\/posts\/37375","targetHints":{"allow":["GET"]}}],"collection":[{"href":"https:\/\/www.sincomam.org.br\/index.php\/wp-json\/wp\/v2\/posts"}],"about":[{"href":"https:\/\/www.sincomam.org.br\/index.php\/wp-json\/wp\/v2\/types\/post"}],"author":[{"embeddable":true,"href":"https:\/\/www.sincomam.org.br\/index.php\/wp-json\/wp\/v2\/users\/1527"}],"replies":[{"embeddable":true,"href":"https:\/\/www.sincomam.org.br\/index.php\/wp-json\/wp\/v2\/comments?post=37375"}],"version-history":[{"count":1,"href":"https:\/\/www.sincomam.org.br\/index.php\/wp-json\/wp\/v2\/posts\/37375\/revisions"}],"predecessor-version":[{"id":37376,"href":"https:\/\/www.sincomam.org.br\/index.php\/wp-json\/wp\/v2\/posts\/37375\/revisions\/37376"}],"wp:featuredmedia":[{"embeddable":true,"href":"https:\/\/www.sincomam.org.br\/index.php\/wp-json\/wp\/v2\/media\/17827"}],"wp:attachment":[{"href":"https:\/\/www.sincomam.org.br\/index.php\/wp-json\/wp\/v2\/media?parent=37375"}],"wp:term":[{"taxonomy":"category","embeddable":true,"href":"https:\/\/www.sincomam.org.br\/index.php\/wp-json\/wp\/v2\/categories?post=37375"},{"taxonomy":"post_tag","embeddable":true,"href":"https:\/\/www.sincomam.org.br\/index.php\/wp-json\/wp\/v2\/tags?post=37375"}],"curies":[{"name":"wp","href":"https:\/\/api.w.org\/{rel}","templated":true}]}}