{"id":3737,"date":"2014-02-19T08:14:15","date_gmt":"2014-02-19T11:14:15","guid":{"rendered":"http:\/\/www.sincomam.org.br\/?p=3737"},"modified":"2014-02-19T10:23:46","modified_gmt":"2014-02-19T13:23:46","slug":"ans-suspende-comercializacao-de-111-planos-de-saude-de-47-operadoras","status":"publish","type":"post","link":"https:\/\/www.sincomam.org.br\/index.php\/ans-suspende-comercializacao-de-111-planos-de-saude-de-47-operadoras\/","title":{"rendered":"ANS suspende comercializa\u00e7\u00e3o de 111 planos de sa\u00fade, de 47 operadoras"},"content":{"rendered":"<p><b><i>Medida entra em vigor a partir desta sexta-feira e ter\u00e1 prazo de tr\u00eas meses<\/i><\/b><\/p>\n<p>A partir desta sexta-feira (21) haver\u00e1 suspens\u00e3o da comercializa\u00e7\u00e3o de 111 planos de sa\u00fade de 47 operadoras, em fun\u00e7\u00e3o de descumprimento de prazos e negativas indevidas de cobertura assistencial contratada pelos consumidores. A medida foi anunciada pelo\u00a0Minist\u00e9rio da Sa\u00fade e a Ag\u00eancia Nacional de Sa\u00fade Suplementar (ANS).<\/p>\n<p>Segundo a ANS, no per\u00edodo entre agosto e dezembro de 2013, a ag\u00eancia recebeu 17.599 reclama\u00e7\u00f5es sobre 523 planos de sa\u00fade. Esses planos t\u00eam hoje 1,8 milh\u00e3o de usu\u00e1rios e n\u00e3o poder\u00e3o receber novos clientes at\u00e9 que resolvam todos os problemas detectados.<\/p>\n<p>Em contrapartida, 77 planos de 10 operadoras conseguiram melhorar seus servi\u00e7os e est\u00e3o sendo reativados. O destaque \u00e9 a operadora Amil, que teve 54 planos liberados para a venda.<\/p>\n<p><b>Planos suspensos<\/b><\/p>\n<p>As listas das operadoras que est\u00e3o com planos suspensos, das operadoras totalmente liberadas para comercializa\u00e7\u00e3o ap\u00f3s o 8\u00ba per\u00edodo de avalia\u00e7\u00e3o e das operadoras parcialmente liberadas para comercializa\u00e7\u00e3o a partir de agora est\u00e3o dispon\u00edveis para consulta na internet, no site: <a href=\"http:\/\/www.ans.gov.br\/planos-de-saude-e-operadoras\/contratacao-e-troca-de-plano\/1629-planos-de-saude-suspensos\">http:\/\/www.ans.gov.br\/planos-de-saude-e-operadoras\/contratacao-e-troca-de-plano\/1629-planos-de-saude-suspensos\u00a0<\/a> (ANS)<\/p>\n<p>Fonte: Reda\u00e7\u00e3o SINCOMAM \/ Com informa\u00e7\u00f5es do Valor<\/p>\n<p><\/p>\n","protected":false},"excerpt":{"rendered":"<p>Medida entra em vigor a partir desta sexta-feira e ter\u00e1 prazo de tr\u00eas meses A partir desta sexta-feira (21) haver\u00e1 suspens\u00e3o da comercializa\u00e7\u00e3o de 111&#8230;<\/p>\n","protected":false},"author":1182,"featured_media":3738,"comment_status":"closed","ping_status":"closed","sticky":false,"template":"","format":"standard","meta":{"footnotes":""},"categories":[6],"tags":[515,520,516,521,518,519,517],"class_list":["post-3737","post","type-post","status-publish","format-standard","has-post-thumbnail","hentry","category-noticias","tag-ans","tag-lista","tag-medida","tag-operadoras","tag-planos","tag-saude","tag-suspensao"],"_links":{"self":[{"href":"https:\/\/www.sincomam.org.br\/index.php\/wp-json\/wp\/v2\/posts\/3737","targetHints":{"allow":["GET"]}}],"collection":[{"href":"https:\/\/www.sincomam.org.br\/index.php\/wp-json\/wp\/v2\/posts"}],"about":[{"href":"https:\/\/www.sincomam.org.br\/index.php\/wp-json\/wp\/v2\/types\/post"}],"author":[{"embeddable":true,"href":"https:\/\/www.sincomam.org.br\/index.php\/wp-json\/wp\/v2\/users\/1182"}],"replies":[{"embeddable":true,"href":"https:\/\/www.sincomam.org.br\/index.php\/wp-json\/wp\/v2\/comments?post=3737"}],"version-history":[{"count":1,"href":"https:\/\/www.sincomam.org.br\/index.php\/wp-json\/wp\/v2\/posts\/3737\/revisions"}],"predecessor-version":[{"id":3739,"href":"https:\/\/www.sincomam.org.br\/index.php\/wp-json\/wp\/v2\/posts\/3737\/revisions\/3739"}],"wp:featuredmedia":[{"embeddable":true,"href":"https:\/\/www.sincomam.org.br\/index.php\/wp-json\/wp\/v2\/media\/3738"}],"wp:attachment":[{"href":"https:\/\/www.sincomam.org.br\/index.php\/wp-json\/wp\/v2\/media?parent=3737"}],"wp:term":[{"taxonomy":"category","embeddable":true,"href":"https:\/\/www.sincomam.org.br\/index.php\/wp-json\/wp\/v2\/categories?post=3737"},{"taxonomy":"post_tag","embeddable":true,"href":"https:\/\/www.sincomam.org.br\/index.php\/wp-json\/wp\/v2\/tags?post=3737"}],"curies":[{"name":"wp","href":"https:\/\/api.w.org\/{rel}","templated":true}]}}