{"id":37362,"date":"2022-01-10T08:30:55","date_gmt":"2022-01-10T11:30:55","guid":{"rendered":"http:\/\/www.sincomam.org.br\/?p=37362"},"modified":"2022-01-10T04:02:34","modified_gmt":"2022-01-10T07:02:34","slug":"buscas-por-fragmentos-de-corpos-continuarao-em-capitolio-mg","status":"publish","type":"post","link":"https:\/\/www.sincomam.org.br\/index.php\/buscas-por-fragmentos-de-corpos-continuarao-em-capitolio-mg\/","title":{"rendered":"Buscas por fragmentos de corpos continuar\u00e3o em Capit\u00f3lio, MG"},"content":{"rendered":"<p>As buscas no Lago de Furnas, em Capit\u00f3lio (MG), continuar\u00e3o pelos pr\u00f3ximos dias, anunciaram a Defesa Civil e a Pol\u00edcia Civil de Minas Gerais. Segundo os \u00f3rg\u00e3os, os trabalhos prosseguir\u00e3o porque, embora todos os dez mortos tenham sido resgatados, algumas v\u00edtimas tiveram somente peda\u00e7os de corpos encontrados. <\/p>\n<p>Al\u00e9m disso, a pol\u00edcia aguarda eventuais comunica\u00e7\u00f5es de novos desaparecimentos, no caso de eventuais turistas que estavam sozinhos. \u201cPode ser que uma pessoa ou um casal estivesse caminhando e tenha ca\u00eddo uma pedra. At\u00e9 o momento, nenhum dos \u00f3rg\u00e3os recebeu informa\u00e7\u00e3o de outros desaparecidos. N\u00f3s estamos iniciando e n\u00e3o temos pressa de terminar os trabalhos\u201d, disse o delegado Marcos Pimenta, da Pol\u00edcia Civil mineira.<\/p>\n<p>Segundo Pimenta, at\u00e9 agora foram identificados apenas dois corpos, um formalmente, com base nas impress\u00f5es digitais, e outro com base em reconhecimento prec\u00e1rio de parentes, que ainda requer compara\u00e7\u00e3o com material gen\u00e9tico. O impacto da rocha, informou o delegado, est\u00e1 dificultando os trabalhos de reconhecimento.<\/p>\n<p>Responsabilidades<br \/>\nO sargento da Defesa Civil de Minas Gerais Wander Silva informou que a apura\u00e7\u00e3o sobre a falta de fiscaliza\u00e7\u00e3o e de medidas de seguran\u00e7a, que poderiam ter prevenido a trag\u00e9dia, ser\u00e1 discutida na investiga\u00e7\u00e3o do inqu\u00e9rito aberto pela Marinha.<\/p>\n<p>\u201cEste n\u00e3o \u00e9 o momento [de discutir isso]. Estamos concentrados nas buscas, e essas responsabilidades, no decorrer do inqu\u00e9rito, ser\u00e3o apuradas. Isso ser\u00e1 verificado posteriormente\u201d, argumentou. Cerca de duas horas antes da trag\u00e9dia, a Defesa Civil mineira emitiu um alerta de cabe\u00e7a d\u00b4\u00e1gua (forte enxurrada em rios provocada por chuvas) para a regi\u00e3o de Capit\u00f3lio, mas os passeios tur\u00edsticos continuaram normalmente.<\/p>\n<p>Reuni\u00e3o<br \/>\nOs prefeitos de S\u00e3o Jos\u00e9 da Barra, Paulo Sergio de Oliveira, e de Capit\u00f3lio, Cristiano Silva, anunciaram que medidas para refor\u00e7ar a seguran\u00e7a do turismo no Lago de Furnas ser\u00e3o discutidas amanh\u00e3 (10). O encontro reunir\u00e1 prefeitos da regi\u00e3o e representantes da Defesa Civil de Minas Gerais, da Pol\u00edcia Militar e da Marinha.<\/p>\n<p>Segundo o prefeito de Capit\u00f3lio, uma lei municipal de 2019 disciplina o turismo no c\u00e2nion, proibindo banhos na \u00e1rea de circula\u00e7\u00e3o das lanchas e limitando a 40 o n\u00famero de embarca\u00e7\u00f5es que podem permanecer por at\u00e9 30 minutos na \u00e1rea do c\u00e2nion. Al\u00e9m disso, normas da Marinha estabelecem o ordenamento da orla do lago.<\/p>\n<p>Ele admitiu, no entanto, que, at\u00e9 agora, n\u00e3o existia uma norma sobre a dist\u00e2ncia m\u00ednima entre as lanchas e os pared\u00f5es rochosos. Segundo ele, um per\u00edmetro m\u00ednimo de seguran\u00e7a s\u00f3 poder\u00e1 ser definido ap\u00f3s estudo t\u00e9cnico. O prefeito ressaltou que o desprendimento de um bloco t\u00e3o grande \u00e9 in\u00e9dito na regi\u00e3o.<\/p>\n<p>\u201cMeu pai vive aqui h\u00e1 76 anos e nunca viu um desligamento de rocha desses. Acredito que, daqui para a frente, a gente precisa fazer uma an\u00e1lise [geol\u00f3gica]. Aquelas fal\u00e9sias est\u00e3o ali h\u00e1 milhares de anos. Essa forma\u00e7\u00e3o rochosa de quartzito tem essas fendas e fissuras. J\u00e1 foram feitos v\u00e1rios estudos geol\u00f3gicos. Se tinha algum risco, tinha de ser emitido por um \u00f3rg\u00e3o superior\u201d, explicou.<\/p>\n<p>O prefeito disse ainda que uma foto de 2012, divulgada ontem nas redes sociais, com pared\u00e3o com fissura larga, n\u00e3o se refere \u00e0 rocha que desabou, mas a um que continua intacto no trecho central do c\u00e2nion. De acordo com ele, a fissura no bloco que desmoronou era menor que a da pedra mostrada na foto.<\/p>\n<p>Visita cancelada<br \/>\nO governador de Minas Gerais, Romeu Zema, que visitaria o munic\u00edpio de Capit\u00f3lio neste domingo, cancelou a ida \u00e0 regi\u00e3o. Segundo o governo estadual, o mau tempo impossibilitou a viagem.<\/p>\n<p>\u201cPor causa das fortes chuvas que atingem o estado, as quais inviabilizam as autoriza\u00e7\u00f5es e condi\u00e7\u00f5es para voo, o governador n\u00e3o ir\u00e1 a Capit\u00f3lio neste domingo. Nova data para a viagem ser\u00e1 anunciada em breve\u201d, informou a Secretaria de Governo do estado.<\/p>\n<p>Edi\u00e7\u00e3o: Gra\u00e7a Adjuto<\/p>\n","protected":false},"excerpt":{"rendered":"<p>As buscas no Lago de Furnas, em Capit\u00f3lio (MG), continuar\u00e3o pelos pr\u00f3ximos dias, anunciaram a Defesa Civil e a Pol\u00edcia Civil de Minas Gerais. Segundo&#8230;<\/p>\n","protected":false},"author":1527,"featured_media":37363,"comment_status":"closed","ping_status":"closed","sticky":false,"template":"","format":"standard","meta":{"footnotes":""},"categories":[6],"tags":[],"class_list":["post-37362","post","type-post","status-publish","format-standard","has-post-thumbnail","hentry","category-noticias"],"_links":{"self":[{"href":"https:\/\/www.sincomam.org.br\/index.php\/wp-json\/wp\/v2\/posts\/37362","targetHints":{"allow":["GET"]}}],"collection":[{"href":"https:\/\/www.sincomam.org.br\/index.php\/wp-json\/wp\/v2\/posts"}],"about":[{"href":"https:\/\/www.sincomam.org.br\/index.php\/wp-json\/wp\/v2\/types\/post"}],"author":[{"embeddable":true,"href":"https:\/\/www.sincomam.org.br\/index.php\/wp-json\/wp\/v2\/users\/1527"}],"replies":[{"embeddable":true,"href":"https:\/\/www.sincomam.org.br\/index.php\/wp-json\/wp\/v2\/comments?post=37362"}],"version-history":[{"count":1,"href":"https:\/\/www.sincomam.org.br\/index.php\/wp-json\/wp\/v2\/posts\/37362\/revisions"}],"predecessor-version":[{"id":37364,"href":"https:\/\/www.sincomam.org.br\/index.php\/wp-json\/wp\/v2\/posts\/37362\/revisions\/37364"}],"wp:featuredmedia":[{"embeddable":true,"href":"https:\/\/www.sincomam.org.br\/index.php\/wp-json\/wp\/v2\/media\/37363"}],"wp:attachment":[{"href":"https:\/\/www.sincomam.org.br\/index.php\/wp-json\/wp\/v2\/media?parent=37362"}],"wp:term":[{"taxonomy":"category","embeddable":true,"href":"https:\/\/www.sincomam.org.br\/index.php\/wp-json\/wp\/v2\/categories?post=37362"},{"taxonomy":"post_tag","embeddable":true,"href":"https:\/\/www.sincomam.org.br\/index.php\/wp-json\/wp\/v2\/tags?post=37362"}],"curies":[{"name":"wp","href":"https:\/\/api.w.org\/{rel}","templated":true}]}}