{"id":37294,"date":"2022-01-07T08:30:48","date_gmt":"2022-01-07T11:30:48","guid":{"rendered":"http:\/\/www.sincomam.org.br\/?p=37294"},"modified":"2022-01-07T02:00:49","modified_gmt":"2022-01-07T05:00:49","slug":"navios-com-trigo-a-espera-de-liberacao","status":"publish","type":"post","link":"https:\/\/www.sincomam.org.br\/index.php\/navios-com-trigo-a-espera-de-liberacao\/","title":{"rendered":"Navios com trigo \u00e0 espera de libera\u00e7\u00e3o"},"content":{"rendered":"<p>A opera\u00e7\u00e3o padr\u00e3o dos auditores fiscais, que j\u00e1 dura mais de uma semana, tamb\u00e9m tem causado problemas aos moinhos de trigo de S\u00e3o Paulo. Segundo a Associa\u00e7\u00e3o Brasileira das Ind\u00fastrias de Trigo (Abitrigo), tr\u00eas navios est\u00e3o parados no porto de Santos (SP) \u00e0 espera de desembara\u00e7o. Eles trazem 100 mil toneladas do cereal da Argentina, volume equivalente ao consumo mensal do Estado.<\/p>\n<p>\u201cOs moinhos nos avisaram que, se a situa\u00e7\u00e3o persistir, haver\u00e1 risco de desabastecimento de trigo e derivados em S\u00e3o Paulo\u201d, disse ao Valor o presidente da entidade, Rubens Barbosa. Segundo ele, os moinhos trabalham com estoque baixo e o risco de falta de p\u00e3o e massas \u00e9 real. Ontem, no fim do dia, a Abitrigo informou que Minist\u00e9rio da Agricultura havia determinado a libera\u00e7\u00e3o de \u201cv\u00e1rias cargas\u201d durante a tarde.<\/p>\n<p>Em nota, a Santos Port Authority (SPA) afirma que o Porto de Santos opera dentro da normalidade em seus acessos p\u00fablicos. \u201cCabe destacar que as atraca\u00e7\u00f5es e embarques\/desembarques dependem de v\u00e1rios fatores: quest\u00f5es clim\u00e1ticas, como excesso de chuva; mercadol\u00f3gicas, como conveni\u00eancia do exportador ou importador de aguardar melhor pre\u00e7o; ou mesmo log\u00edsticas, como disponibilidade de navios, caminh\u00f5es e armazenamento. Assim, n\u00e3o \u00e9 poss\u00edvel dar como causa de eventual atraso de exporta\u00e7\u00e3o ou importa\u00e7\u00e3o a anu\u00eancia das autoridades locais\u201d, informa o texto.<\/p>\n<p>Fonte: Valor<\/p>\n","protected":false},"excerpt":{"rendered":"<p>A opera\u00e7\u00e3o padr\u00e3o dos auditores fiscais, que j\u00e1 dura mais de uma semana, tamb\u00e9m tem causado problemas aos moinhos de trigo de S\u00e3o Paulo. Segundo&#8230;<\/p>\n","protected":false},"author":1527,"featured_media":30421,"comment_status":"closed","ping_status":"closed","sticky":false,"template":"","format":"standard","meta":{"footnotes":""},"categories":[6],"tags":[],"class_list":["post-37294","post","type-post","status-publish","format-standard","has-post-thumbnail","hentry","category-noticias"],"_links":{"self":[{"href":"https:\/\/www.sincomam.org.br\/index.php\/wp-json\/wp\/v2\/posts\/37294","targetHints":{"allow":["GET"]}}],"collection":[{"href":"https:\/\/www.sincomam.org.br\/index.php\/wp-json\/wp\/v2\/posts"}],"about":[{"href":"https:\/\/www.sincomam.org.br\/index.php\/wp-json\/wp\/v2\/types\/post"}],"author":[{"embeddable":true,"href":"https:\/\/www.sincomam.org.br\/index.php\/wp-json\/wp\/v2\/users\/1527"}],"replies":[{"embeddable":true,"href":"https:\/\/www.sincomam.org.br\/index.php\/wp-json\/wp\/v2\/comments?post=37294"}],"version-history":[{"count":1,"href":"https:\/\/www.sincomam.org.br\/index.php\/wp-json\/wp\/v2\/posts\/37294\/revisions"}],"predecessor-version":[{"id":37295,"href":"https:\/\/www.sincomam.org.br\/index.php\/wp-json\/wp\/v2\/posts\/37294\/revisions\/37295"}],"wp:featuredmedia":[{"embeddable":true,"href":"https:\/\/www.sincomam.org.br\/index.php\/wp-json\/wp\/v2\/media\/30421"}],"wp:attachment":[{"href":"https:\/\/www.sincomam.org.br\/index.php\/wp-json\/wp\/v2\/media?parent=37294"}],"wp:term":[{"taxonomy":"category","embeddable":true,"href":"https:\/\/www.sincomam.org.br\/index.php\/wp-json\/wp\/v2\/categories?post=37294"},{"taxonomy":"post_tag","embeddable":true,"href":"https:\/\/www.sincomam.org.br\/index.php\/wp-json\/wp\/v2\/tags?post=37294"}],"curies":[{"name":"wp","href":"https:\/\/api.w.org\/{rel}","templated":true}]}}